{"id":9759,"date":"2024-01-15T10:43:12","date_gmt":"2024-01-15T15:43:12","guid":{"rendered":"https:\/\/recherches-autochtones.org\/site\/?p=9759"},"modified":"2024-06-19T10:46:38","modified_gmt":"2024-06-19T14:46:38","slug":"in-memoriam-nicolas-houde","status":"publish","type":"post","link":"https:\/\/recherches-autochtones.org\/site\/in-memoriam-nicolas-houde\/","title":{"rendered":"IN MEMORIAM \u2013 Nicolas Houde"},"content":{"rendered":"<h2>IN MEMORIAM<br \/>\nNicolas Houde<\/h2>\n<p>&nbsp;<\/p>\n<div id=\"attachment_9445\" style=\"width: 285px\" class=\"wp-caption alignleft\"><img decoding=\"async\" aria-describedby=\"caption-attachment-9445\" class=\" wp-image-9445\" src=\"https:\/\/recherches-autochtones.org\/site\/wp-content\/uploads\/2023\/12\/nicolas_houde_guillaume_lamy_copie2-300x200.jpg\" alt=\"\" width=\"275\" height=\"183\" srcset=\"https:\/\/recherches-autochtones.org\/site\/wp-content\/uploads\/2023\/12\/nicolas_houde_guillaume_lamy_copie2-150x100.jpg 150w, https:\/\/recherches-autochtones.org\/site\/wp-content\/uploads\/2023\/12\/nicolas_houde_guillaume_lamy_copie2-200x133.jpg 200w, https:\/\/recherches-autochtones.org\/site\/wp-content\/uploads\/2023\/12\/nicolas_houde_guillaume_lamy_copie2-300x200.jpg 300w, https:\/\/recherches-autochtones.org\/site\/wp-content\/uploads\/2023\/12\/nicolas_houde_guillaume_lamy_copie2-400x267.jpg 400w, https:\/\/recherches-autochtones.org\/site\/wp-content\/uploads\/2023\/12\/nicolas_houde_guillaume_lamy_copie2-500x333.jpg 500w, https:\/\/recherches-autochtones.org\/site\/wp-content\/uploads\/2023\/12\/nicolas_houde_guillaume_lamy_copie2-600x400.jpg 600w, https:\/\/recherches-autochtones.org\/site\/wp-content\/uploads\/2023\/12\/nicolas_houde_guillaume_lamy_copie2-700x467.jpg 700w, https:\/\/recherches-autochtones.org\/site\/wp-content\/uploads\/2023\/12\/nicolas_houde_guillaume_lamy_copie2-768x512.jpg 768w, https:\/\/recherches-autochtones.org\/site\/wp-content\/uploads\/2023\/12\/nicolas_houde_guillaume_lamy_copie2-800x533.jpg 800w, https:\/\/recherches-autochtones.org\/site\/wp-content\/uploads\/2023\/12\/nicolas_houde_guillaume_lamy_copie2-1024x682.jpg 1024w, https:\/\/recherches-autochtones.org\/site\/wp-content\/uploads\/2023\/12\/nicolas_houde_guillaume_lamy_copie2-1200x800.jpg 1200w, https:\/\/recherches-autochtones.org\/site\/wp-content\/uploads\/2023\/12\/nicolas_houde_guillaume_lamy_copie2-1536x1024.jpg 1536w\" sizes=\"(max-width: 275px) 100vw, 275px\" \/><p id=\"caption-attachment-9445\" class=\"wp-caption-text\">Photo Guillaume Lamy<\/p><\/div>\n<p>C\u2019est avec la plus grande tristesse que nous avons appris le d\u00e9c\u00e8s de notre coll\u00e8gue, Nicolas Houde, professeur au D\u00e9partement de science politique et vice-doyen aux \u00e9tudes de la Facult\u00e9 de science politique et de droit de \u00a0l\u2019Universit\u00e9 du Qu\u00e9bec \u00e0 Montr\u00e9al, le 13 d\u00e9cembre 2023.<\/p>\n<p>Nicolas Houde avait soutenu sa\u00a0<a href=\"https:\/\/escholarship.mcgill.ca\/concern\/theses\/9g54xn80v\">th\u00e8se de doctorat \u00e0 l\u2019Universit\u00e9 McGill,\u00a0en 2011, sur la question de la cogestion adaptative<\/a>. Sp\u00e9cialiste de la gouvernance territoriale contemporaine, il avait travaill\u00e9 \u00e0 d\u2019importants projets de recherche partenariale, notamment avec les Atikamekw de Manawan et de Wemotaci et avec la communaut\u00e9 Ilnu de Mashteuiatsh. Nicolas a jou\u00e9 un r\u00f4le de premier plan dans le d\u00e9veloppement des \u00e9tudes autochtones de l\u2019UQAM. Il a \u00e9t\u00e9 directeur du GRIAAC\/CI\u00c9RA-MTL de 2019 \u00e0 2021 et il \u0153uvrait au sein du Comit\u00e9 d\u2019action pour les Premiers Peuples de l\u2019UQAM depuis 2021. Il a \u00e9galement si\u00e9g\u00e9 sur le conseil d\u2019administration de la Soci\u00e9t\u00e9 Recherches autochtones au Qu\u00e9bec (2018-2020)\u00a0et il participait encore activement aux d\u00e9cisions du comit\u00e9 de r\u00e9daction de <em>Revue d\u2019\u00e9tudes autochtones<\/em> (anciennement <em>Recherches am\u00e9rindiennes au Qu\u00e9bec<\/em>).<\/p>\n<p>Nicolas \u00e9tait un coll\u00e8gue respect\u00e9 et un collaborateur exceptionnel aux grandes qualit\u00e9s humaines et intellectuelles. Toute l\u2019\u00e9quipe de la soci\u00e9t\u00e9 Recherches autochtones au Qu\u00e9bec et de <em>Revue d\u2019\u00e9tudes autochtones<\/em> souhaite exprimer ses plus sinc\u00e8res condol\u00e9ances \u00e0 sa famille, \u00e0 ses amis et \u00e0 ses collaborateurs.<\/p>\n<p>L\u2019\u00e9quipe de la Soci\u00e9t\u00e9 Recherches autochtones au Qu\u00e9bec et de <em>Revue d\u2019\u00e9tudes autochtones<\/em>.<\/p>\n","protected":false},"excerpt":{"rendered":"<p>IN MEMORIAM Nicolas Houde &nbsp; C\u2019est avec la plus grande  [&#8230;]<\/p>\n","protected":false},"author":1,"featured_media":0,"comment_status":"closed","ping_status":"open","sticky":false,"template":"","format":"standard","meta":{"_EventAllDay":false,"_EventTimezone":"","_EventStartDate":"","_EventEndDate":"","_EventStartDateUTC":"","_EventEndDateUTC":"","_EventShowMap":false,"_EventShowMapLink":false,"_EventURL":"","_EventCost":"","_EventCostDescription":"","_EventCurrencySymbol":"","_EventCurrencyCode":"","_EventCurrencyPosition":"","_EventDateTimeSeparator":"","_EventTimeRangeSeparator":"","_EventOrganizerID":[],"_EventVenueID":[],"_OrganizerEmail":"","_OrganizerPhone":"","_OrganizerWebsite":"","_VenueAddress":"","_VenueCity":"","_VenueCountry":"","_VenueProvince":"","_VenueState":"","_VenueZip":"","_VenuePhone":"","_VenueURL":"","_VenueStateProvince":"","_VenueLat":"","_VenueLng":"","_VenueShowMap":false,"_VenueShowMapLink":false,"footnotes":""},"categories":[38,45],"tags":[],"class_list":["post-9759","post","type-post","status-publish","format-standard","hentry","category-coll-signes-des-ameriques","category-nouveautes"],"_links":{"self":[{"href":"https:\/\/recherches-autochtones.org\/site\/wp-json\/wp\/v2\/posts\/9759","targetHints":{"allow":["GET"]}}],"collection":[{"href":"https:\/\/recherches-autochtones.org\/site\/wp-json\/wp\/v2\/posts"}],"about":[{"href":"https:\/\/recherches-autochtones.org\/site\/wp-json\/wp\/v2\/types\/post"}],"author":[{"embeddable":true,"href":"https:\/\/recherches-autochtones.org\/site\/wp-json\/wp\/v2\/users\/1"}],"replies":[{"embeddable":true,"href":"https:\/\/recherches-autochtones.org\/site\/wp-json\/wp\/v2\/comments?post=9759"}],"version-history":[{"count":2,"href":"https:\/\/recherches-autochtones.org\/site\/wp-json\/wp\/v2\/posts\/9759\/revisions"}],"predecessor-version":[{"id":9761,"href":"https:\/\/recherches-autochtones.org\/site\/wp-json\/wp\/v2\/posts\/9759\/revisions\/9761"}],"wp:attachment":[{"href":"https:\/\/recherches-autochtones.org\/site\/wp-json\/wp\/v2\/media?parent=9759"}],"wp:term":[{"taxonomy":"category","embeddable":true,"href":"https:\/\/recherches-autochtones.org\/site\/wp-json\/wp\/v2\/categories?post=9759"},{"taxonomy":"post_tag","embeddable":true,"href":"https:\/\/recherches-autochtones.org\/site\/wp-json\/wp\/v2\/tags?post=9759"}],"curies":[{"name":"wp","href":"https:\/\/api.w.org\/{rel}","templated":true}]}}