{"id":9448,"date":"2023-09-18T10:52:51","date_gmt":"2023-09-18T14:52:51","guid":{"rendered":"https:\/\/recherches-autochtones.org\/site\/?p=9448"},"modified":"2023-12-18T11:18:52","modified_gmt":"2023-12-18T16:18:52","slug":"rea-vol-52-1-2-confinements-crises-sanitaires-chez-les-autochtones","status":"publish","type":"post","link":"https:\/\/recherches-autochtones.org\/site\/rea-vol-52-1-2-confinements-crises-sanitaires-chez-les-autochtones\/","title":{"rendered":"REA, vol. 52(1-2) \u2013 Confinements, crises sanitaires et \u00e9pid\u00e9mies chez les Autochtones"},"content":{"rendered":"<div id=\"attachment_9065\" style=\"width: 244px\" class=\"wp-caption alignleft\"><img decoding=\"async\" aria-describedby=\"caption-attachment-9065\" class=\"wp-image-9065 size-medium\" src=\"https:\/\/recherches-autochtones.org\/site\/wp-content\/uploads\/2023\/02\/rea51_2-3_c01-234x300.jpg\" alt=\"\" width=\"234\" height=\"300\" srcset=\"https:\/\/recherches-autochtones.org\/site\/wp-content\/uploads\/2023\/02\/rea51_2-3_c01-117x150.jpg 117w, https:\/\/recherches-autochtones.org\/site\/wp-content\/uploads\/2023\/02\/rea51_2-3_c01-200x257.jpg 200w, https:\/\/recherches-autochtones.org\/site\/wp-content\/uploads\/2023\/02\/rea51_2-3_c01-234x300.jpg 234w, https:\/\/recherches-autochtones.org\/site\/wp-content\/uploads\/2023\/02\/rea51_2-3_c01-400x514.jpg 400w, https:\/\/recherches-autochtones.org\/site\/wp-content\/uploads\/2023\/02\/rea51_2-3_c01-500x642.jpg 500w, https:\/\/recherches-autochtones.org\/site\/wp-content\/uploads\/2023\/02\/rea51_2-3_c01-600x770.jpg 600w, https:\/\/recherches-autochtones.org\/site\/wp-content\/uploads\/2023\/02\/rea51_2-3_c01.jpg 701w\" sizes=\"(max-width: 234px) 100vw, 234px\" \/><p id=\"caption-attachment-9065\" class=\"wp-caption-text\">Couverture : <em>Pr\u00e9mices \u00e0 une guerre bact\u00e9riologique et religieuse en terre d\u2019Am\u00e9rique \u2013 <\/em>\u0152uvre de Teharihulen Michel Savard, 2016<\/p><\/div>\n<p>Le volume 52, nos. 1-2 de <em>Revue d\u2019\u00e9tudes autochtones<\/em>\u00a0est maintenant disponible.<\/p>\n<p>Dirig\u00e9 par Marie-Pierre Bousquet, ce num\u00e9ro a pour th\u00e9matique les confinements, les crises sanitaires et les \u00e9pid\u00e9mies chez les Autochtones. Ce num\u00e9ro sp\u00e9cial s\u2019int\u00e9resse autant \u00e0 la m\u00e9moire qu\u2019\u00e0 l\u2019histoire, au pass\u00e9 qu\u2019au contemporain, aux \u00e9pid\u00e9mies chez les humains qu\u2019\u00e0 celles qui ne les ont pas contamin\u00e9s directement mais ont eu sur eux des cons\u00e9quences sociales, culturelles, \u00e9conomiques ou politiques. Pour la premi\u00e8re fois, une pand\u00e9mie a pu \u00eatre suivie presque au jour le jour dans les m\u00e9dias, \u00e0 l\u2019heure de la diffusion instantan\u00e9e de l\u2019information. Si de nombreux peuples autochtones n\u2019ont pas acc\u00e8s aux grands r\u00e9seaux m\u00e9diatiques de leurs pays respectifs, parce qu\u2019ils sont isol\u00e9s, minoritaires, souvent marginalis\u00e9s et stigmatis\u00e9s, la fa\u00e7on dont ils ont \u00e9t\u00e9 affect\u00e9s par la COVID-19 a pu \u00eatre connue du grand public gr\u00e2ce aux m\u00e9dias alternatifs que sont les r\u00e9seaux sociaux. <a href=\"https:\/\/recherches-autochtones.org\/site\/produit\/confinements-crises-sanitaires-et-epidemies-chez-les-autochtones-2022-2023-vol-52-nos-1-2\/\"><strong>Pour en savoir davantage&#8230;<\/strong><\/a><\/p>\n<p><a href=\"https:\/\/www.youtube.com\/watch?v=KVDrxxis6do&amp;list=PLkTgDHYACrwMVSsEHhBPXmbzPLwWzp413&amp;index=7\"><strong>Capsule vid\u00e9o pr\u00e9sentant le num\u00e9ro<\/strong><\/a><\/p>\n","protected":false},"excerpt":{"rendered":"<p>Le volume 52, nos. 1-2 de Revue d\u2019\u00e9tudes autochtones\u00a0est maintenant  [&#8230;]<\/p>\n","protected":false},"author":1,"featured_media":0,"comment_status":"closed","ping_status":"open","sticky":false,"template":"","format":"standard","meta":{"_EventAllDay":false,"_EventTimezone":"","_EventStartDate":"","_EventEndDate":"","_EventStartDateUTC":"","_EventEndDateUTC":"","_EventShowMap":false,"_EventShowMapLink":false,"_EventURL":"","_EventCost":"","_EventCostDescription":"","_EventCurrencySymbol":"","_EventCurrencyCode":"","_EventCurrencyPosition":"","_EventDateTimeSeparator":"","_EventTimeRangeSeparator":"","_EventOrganizerID":[],"_EventVenueID":[],"_OrganizerEmail":"","_OrganizerPhone":"","_OrganizerWebsite":"","_VenueAddress":"","_VenueCity":"","_VenueCountry":"","_VenueProvince":"","_VenueState":"","_VenueZip":"","_VenuePhone":"","_VenueURL":"","_VenueStateProvince":"","_VenueLat":"","_VenueLng":"","_VenueShowMap":false,"_VenueShowMapLink":false,"footnotes":""},"categories":[45,83],"tags":[34],"class_list":["post-9448","post","type-post","status-publish","format-standard","hentry","category-nouveautes","category-revue-detudes-autochtones","tag-nouveautes"],"_links":{"self":[{"href":"https:\/\/recherches-autochtones.org\/site\/wp-json\/wp\/v2\/posts\/9448","targetHints":{"allow":["GET"]}}],"collection":[{"href":"https:\/\/recherches-autochtones.org\/site\/wp-json\/wp\/v2\/posts"}],"about":[{"href":"https:\/\/recherches-autochtones.org\/site\/wp-json\/wp\/v2\/types\/post"}],"author":[{"embeddable":true,"href":"https:\/\/recherches-autochtones.org\/site\/wp-json\/wp\/v2\/users\/1"}],"replies":[{"embeddable":true,"href":"https:\/\/recherches-autochtones.org\/site\/wp-json\/wp\/v2\/comments?post=9448"}],"version-history":[{"count":2,"href":"https:\/\/recherches-autochtones.org\/site\/wp-json\/wp\/v2\/posts\/9448\/revisions"}],"predecessor-version":[{"id":9450,"href":"https:\/\/recherches-autochtones.org\/site\/wp-json\/wp\/v2\/posts\/9448\/revisions\/9450"}],"wp:attachment":[{"href":"https:\/\/recherches-autochtones.org\/site\/wp-json\/wp\/v2\/media?parent=9448"}],"wp:term":[{"taxonomy":"category","embeddable":true,"href":"https:\/\/recherches-autochtones.org\/site\/wp-json\/wp\/v2\/categories?post=9448"},{"taxonomy":"post_tag","embeddable":true,"href":"https:\/\/recherches-autochtones.org\/site\/wp-json\/wp\/v2\/tags?post=9448"}],"curies":[{"name":"wp","href":"https:\/\/api.w.org\/{rel}","templated":true}]}}