{"id":9234,"date":"2023-02-21T15:41:51","date_gmt":"2023-02-21T20:41:51","guid":{"rendered":"https:\/\/recherches-autochtones.org\/site\/?p=9234"},"modified":"2023-06-21T15:48:38","modified_gmt":"2023-06-21T19:48:38","slug":"femmes-autochtones-pour-un-retour-a-lequilibre","status":"publish","type":"post","link":"https:\/\/recherches-autochtones.org\/site\/femmes-autochtones-pour-un-retour-a-lequilibre\/","title":{"rendered":"REA, vol. 51(2-3) \u2013 Femmes autochtones : pour un retour \u00e0 l\u2019\u00e9quilibre"},"content":{"rendered":"<p><img decoding=\"async\" class=\"alignleft wp-image-9065 size-medium\" src=\"https:\/\/recherches-autochtones.org\/site\/wp-content\/uploads\/2023\/02\/rea51_2-3_c01-234x300.jpg\" alt=\"\" width=\"234\" height=\"300\" srcset=\"https:\/\/recherches-autochtones.org\/site\/wp-content\/uploads\/2023\/02\/rea51_2-3_c01-117x150.jpg 117w, https:\/\/recherches-autochtones.org\/site\/wp-content\/uploads\/2023\/02\/rea51_2-3_c01-200x257.jpg 200w, https:\/\/recherches-autochtones.org\/site\/wp-content\/uploads\/2023\/02\/rea51_2-3_c01-234x300.jpg 234w, https:\/\/recherches-autochtones.org\/site\/wp-content\/uploads\/2023\/02\/rea51_2-3_c01-400x514.jpg 400w, https:\/\/recherches-autochtones.org\/site\/wp-content\/uploads\/2023\/02\/rea51_2-3_c01-500x642.jpg 500w, https:\/\/recherches-autochtones.org\/site\/wp-content\/uploads\/2023\/02\/rea51_2-3_c01-600x770.jpg 600w, https:\/\/recherches-autochtones.org\/site\/wp-content\/uploads\/2023\/02\/rea51_2-3_c01.jpg 701w\" sizes=\"(max-width: 234px) 100vw, 234px\" \/>Le volume 51, nos. 2-3 de <em>Revue d\u2019\u00e9tudes autochtones<\/em> (anciennement publi\u00e9 sous le nom de\u00a0<em>Recherches am\u00e9rindiennes au Qu\u00e9bec<\/em>) est maintenant disponible.<\/p>\n<p>Dirig\u00e9 par Suzy Basile, le num\u00e9ro a pour principal objectif d\u2019apporter une meilleure compr\u00e9hension relative \u00e0 certaines actions entreprises par des femmes autochtones, au Qu\u00e9bec, dans le but de r\u00e9\u00e9quilibrer les rapports de force chez les peuples autochtones, ainsi qu\u2019avec les autorit\u00e9s \u00e9tatiques. Les contributions regroup\u00e9es dans ce num\u00e9ro portent particuli\u00e8rement sur les perspectives des femmes autochtones concernant la gouvernance territoriale en transformation, les mouvements sociaux en action ou la cr\u00e9ation artistique en \u00e9bullition.<\/p>\n<p><a href=\"https:\/\/www.youtube.com\/watch?v=VKPubWwAT7E&amp;list=PLkTgDHYACrwMVSsEHhBPXmbzPLwWzp413&amp;index=7\"><strong>Capsule vid\u00e9o pr\u00e9sentant le num\u00e9ro<\/strong><\/a><\/p>\n<p><strong><a href=\"https:\/\/recherches-autochtones.org\/site\/produit\/femmes-autochtones-pour-un-retour-a-lequilibre-2021-2022-vol-51-nos-2-3\/\">Pour en savoir davantage&#8230;<\/a><\/strong><\/p>\n","protected":false},"excerpt":{"rendered":"<p>Le volume 51, nos. 2-3 de Revue d\u2019\u00e9tudes autochtones (anciennement  [&#8230;]<\/p>\n","protected":false},"author":1,"featured_media":0,"comment_status":"closed","ping_status":"open","sticky":false,"template":"","format":"standard","meta":{"_EventAllDay":false,"_EventTimezone":"","_EventStartDate":"","_EventEndDate":"","_EventStartDateUTC":"","_EventEndDateUTC":"","_EventShowMap":false,"_EventShowMapLink":false,"_EventURL":"","_EventCost":"","_EventCostDescription":"","_EventCurrencySymbol":"","_EventCurrencyCode":"","_EventCurrencyPosition":"","_EventDateTimeSeparator":"","_EventTimeRangeSeparator":"","_EventOrganizerID":[],"_EventVenueID":[],"_OrganizerEmail":"","_OrganizerPhone":"","_OrganizerWebsite":"","_VenueAddress":"","_VenueCity":"","_VenueCountry":"","_VenueProvince":"","_VenueState":"","_VenueZip":"","_VenuePhone":"","_VenueURL":"","_VenueStateProvince":"","_VenueLat":"","_VenueLng":"","_VenueShowMap":false,"_VenueShowMapLink":false,"footnotes":""},"categories":[45,83],"tags":[34],"class_list":["post-9234","post","type-post","status-publish","format-standard","hentry","category-nouveautes","category-revue-detudes-autochtones","tag-nouveautes"],"_links":{"self":[{"href":"https:\/\/recherches-autochtones.org\/site\/wp-json\/wp\/v2\/posts\/9234","targetHints":{"allow":["GET"]}}],"collection":[{"href":"https:\/\/recherches-autochtones.org\/site\/wp-json\/wp\/v2\/posts"}],"about":[{"href":"https:\/\/recherches-autochtones.org\/site\/wp-json\/wp\/v2\/types\/post"}],"author":[{"embeddable":true,"href":"https:\/\/recherches-autochtones.org\/site\/wp-json\/wp\/v2\/users\/1"}],"replies":[{"embeddable":true,"href":"https:\/\/recherches-autochtones.org\/site\/wp-json\/wp\/v2\/comments?post=9234"}],"version-history":[{"count":1,"href":"https:\/\/recherches-autochtones.org\/site\/wp-json\/wp\/v2\/posts\/9234\/revisions"}],"predecessor-version":[{"id":9235,"href":"https:\/\/recherches-autochtones.org\/site\/wp-json\/wp\/v2\/posts\/9234\/revisions\/9235"}],"wp:attachment":[{"href":"https:\/\/recherches-autochtones.org\/site\/wp-json\/wp\/v2\/media?parent=9234"}],"wp:term":[{"taxonomy":"category","embeddable":true,"href":"https:\/\/recherches-autochtones.org\/site\/wp-json\/wp\/v2\/categories?post=9234"},{"taxonomy":"post_tag","embeddable":true,"href":"https:\/\/recherches-autochtones.org\/site\/wp-json\/wp\/v2\/tags?post=9234"}],"curies":[{"name":"wp","href":"https:\/\/api.w.org\/{rel}","templated":true}]}}