{"id":9229,"date":"2023-01-15T15:31:04","date_gmt":"2023-01-15T20:31:04","guid":{"rendered":"https:\/\/recherches-autochtones.org\/site\/?p=9229"},"modified":"2023-06-21T15:32:55","modified_gmt":"2023-06-21T19:32:55","slug":"in-memoriam-elisabeth-kaine-1955-2022","status":"publish","type":"post","link":"https:\/\/recherches-autochtones.org\/site\/in-memoriam-elisabeth-kaine-1955-2022\/","title":{"rendered":"IN MEMORIAM \u2013 \u00c9lisabeth Kaine (1955-2022)"},"content":{"rendered":"<h2>IN MEMORIAM<br \/>\n\u00c9lisabeth Kaine (1955-2022)<\/h2>\n<p><img decoding=\"async\" class=\"alignleft wp-image-8823 lazyautosizes ls-is-cached lazyloaded\" src=\"https:\/\/recherches-autochtones.org\/site\/wp-content\/uploads\/2023\/01\/1673036217.jpg\" sizes=\"245px\" srcset=\"https:\/\/recherches-autochtones.org\/site\/wp-content\/uploads\/2023\/01\/1673036217-133x150.jpg 133w, https:\/\/recherches-autochtones.org\/site\/wp-content\/uploads\/2023\/01\/1673036217-200x226.jpg 200w, https:\/\/recherches-autochtones.org\/site\/wp-content\/uploads\/2023\/01\/1673036217-265x300.jpg 265w, https:\/\/recherches-autochtones.org\/site\/wp-content\/uploads\/2023\/01\/1673036217.jpg 300w\" alt=\"\" width=\"245\" height=\"277\" data-src=\"https:\/\/recherches-autochtones.org\/site\/wp-content\/uploads\/2023\/01\/1673036217.jpg\" data-srcset=\"https:\/\/recherches-autochtones.org\/site\/wp-content\/uploads\/2023\/01\/1673036217-133x150.jpg 133w, https:\/\/recherches-autochtones.org\/site\/wp-content\/uploads\/2023\/01\/1673036217-200x226.jpg 200w, https:\/\/recherches-autochtones.org\/site\/wp-content\/uploads\/2023\/01\/1673036217-265x300.jpg 265w, https:\/\/recherches-autochtones.org\/site\/wp-content\/uploads\/2023\/01\/1673036217.jpg 300w\" data-sizes=\"auto\" \/>C\u2019est avec tristesse que nous apprenons le d\u00e9c\u00e8s subit de madame \u00c9lisabeth Kaine, survenu le 29 d\u00e9cembre 2022. Femme de c\u0153ur et de conviction et fi\u00e8re Huronne-Wendat, \u00c9lisabeth a eu une vie professionnelle riche et bien remplie. Elle fut professeure-chercheuse au d\u00e9partement des arts, lettres et du langage de l\u2019Universit\u00e9 du Qu\u00e9bec \u00e0 Chicoutimi de 1989 \u00e0 2020 et \u00e0 ce titre, fut nomm\u00e9e au Cercle d\u2019excellence de l\u2019Universit\u00e9 du Qu\u00e9bec. Ses travaux de recherche avec les communaut\u00e9s autochtones l\u2019ont amen\u00e9e \u00e0 co-fonder La Bo\u00eete Rouge VIF et elle en fut la directrice g\u00e9n\u00e9rale de nombreuses ann\u00e9es. Elle \u00e9tait \u00e9galement cotitulaire d\u2019une Chaire UNESCO en transmission culturelle chez les Premiers Peuples comme dynamique de mieux-\u00eatre et d\u2019empowerment (Source : <a href=\"https:\/\/www.lepinecloutier.com\/fr\/avis-de-deces\/69419-elisabeth-kaine\"><strong>L\u00e9pine Cloutier \/ Athos<\/strong><\/a>).<\/p>\n<p>Toutes nos condol\u00e9ances \u00e0 ses proches, \u00e0 ses amis et amies et \u00e0 la grande famille de La Bo\u00eete Rouge VIF.<\/p>\n<p>L\u2019\u00e9quipe de la Soci\u00e9t\u00e9 Recherches autochtones au Qu\u00e9bec et de <em>Revue d\u2019\u00e9tudes autochtones<\/em>.<\/p>\n","protected":false},"excerpt":{"rendered":"<p>IN MEMORIAM \u00c9lisabeth Kaine (1955-2022) C\u2019est avec tristesse que nous  [&#8230;]<\/p>\n","protected":false},"author":1,"featured_media":0,"comment_status":"closed","ping_status":"open","sticky":false,"template":"","format":"standard","meta":{"_EventAllDay":false,"_EventTimezone":"","_EventStartDate":"","_EventEndDate":"","_EventStartDateUTC":"","_EventEndDateUTC":"","_EventShowMap":false,"_EventShowMapLink":false,"_EventURL":"","_EventCost":"","_EventCostDescription":"","_EventCurrencySymbol":"","_EventCurrencyCode":"","_EventCurrencyPosition":"","_EventDateTimeSeparator":"","_EventTimeRangeSeparator":"","_EventOrganizerID":[],"_EventVenueID":[],"_OrganizerEmail":"","_OrganizerPhone":"","_OrganizerWebsite":"","_VenueAddress":"","_VenueCity":"","_VenueCountry":"","_VenueProvince":"","_VenueState":"","_VenueZip":"","_VenuePhone":"","_VenueURL":"","_VenueStateProvince":"","_VenueLat":"","_VenueLng":"","_VenueShowMap":false,"_VenueShowMapLink":false,"footnotes":""},"categories":[38,45],"tags":[],"class_list":["post-9229","post","type-post","status-publish","format-standard","hentry","category-coll-signes-des-ameriques","category-nouveautes"],"_links":{"self":[{"href":"https:\/\/recherches-autochtones.org\/site\/wp-json\/wp\/v2\/posts\/9229","targetHints":{"allow":["GET"]}}],"collection":[{"href":"https:\/\/recherches-autochtones.org\/site\/wp-json\/wp\/v2\/posts"}],"about":[{"href":"https:\/\/recherches-autochtones.org\/site\/wp-json\/wp\/v2\/types\/post"}],"author":[{"embeddable":true,"href":"https:\/\/recherches-autochtones.org\/site\/wp-json\/wp\/v2\/users\/1"}],"replies":[{"embeddable":true,"href":"https:\/\/recherches-autochtones.org\/site\/wp-json\/wp\/v2\/comments?post=9229"}],"version-history":[{"count":1,"href":"https:\/\/recherches-autochtones.org\/site\/wp-json\/wp\/v2\/posts\/9229\/revisions"}],"predecessor-version":[{"id":9230,"href":"https:\/\/recherches-autochtones.org\/site\/wp-json\/wp\/v2\/posts\/9229\/revisions\/9230"}],"wp:attachment":[{"href":"https:\/\/recherches-autochtones.org\/site\/wp-json\/wp\/v2\/media?parent=9229"}],"wp:term":[{"taxonomy":"category","embeddable":true,"href":"https:\/\/recherches-autochtones.org\/site\/wp-json\/wp\/v2\/categories?post=9229"},{"taxonomy":"post_tag","embeddable":true,"href":"https:\/\/recherches-autochtones.org\/site\/wp-json\/wp\/v2\/tags?post=9229"}],"curies":[{"name":"wp","href":"https:\/\/api.w.org\/{rel}","templated":true}]}}