{"id":8381,"date":"2022-10-04T08:25:41","date_gmt":"2022-10-04T12:25:41","guid":{"rendered":"https:\/\/recherches-autochtones.org\/site\/?p=8381"},"modified":"2023-06-21T15:49:01","modified_gmt":"2023-06-21T19:49:01","slug":"le-rapatriement-et-ses-multiples-dimensions-relationnelles","status":"publish","type":"post","link":"https:\/\/recherches-autochtones.org\/site\/le-rapatriement-et-ses-multiples-dimensions-relationnelles\/","title":{"rendered":"REA, vol. 51(1) \u2013 Le rapatriement et ses multiples dimensions relationnelles"},"content":{"rendered":"<p><a href=\"https:\/\/recherches-autochtones.org\/site\/wp-content\/uploads\/2022\/08\/rea051_1_c01.jpg\"><img decoding=\"async\" class=\"alignleft wp-image-8294\" src=\"https:\/\/recherches-autochtones.org\/site\/wp-content\/uploads\/2022\/08\/rea051_1_c01.jpg\" alt=\"\" width=\"267\" height=\"345\" srcset=\"https:\/\/recherches-autochtones.org\/site\/wp-content\/uploads\/2022\/08\/rea051_1_c01-116x150.jpg 116w, https:\/\/recherches-autochtones.org\/site\/wp-content\/uploads\/2022\/08\/rea051_1_c01-200x258.jpg 200w, https:\/\/recherches-autochtones.org\/site\/wp-content\/uploads\/2022\/08\/rea051_1_c01-233x300.jpg 233w, https:\/\/recherches-autochtones.org\/site\/wp-content\/uploads\/2022\/08\/rea051_1_c01-400x516.jpg 400w, https:\/\/recherches-autochtones.org\/site\/wp-content\/uploads\/2022\/08\/rea051_1_c01-500x645.jpg 500w, https:\/\/recherches-autochtones.org\/site\/wp-content\/uploads\/2022\/08\/rea051_1_c01-600x774.jpg 600w, https:\/\/recherches-autochtones.org\/site\/wp-content\/uploads\/2022\/08\/rea051_1_c01.jpg 698w\" sizes=\"(max-width: 267px) 100vw, 267px\" \/><\/a>Le premier num\u00e9ro de <em>Revue d\u2019\u00e9tudes autochtones<\/em> (anciennement publi\u00e9 sous le nom de\u00a0<em>Recherches am\u00e9rindiennes au Qu\u00e9bec<\/em>)\u00a0est maintenant disponible. Le num\u00e9ro porte une partie des multiples voix qui prennent position dans le cadre du rapatriement, \u00e0 travers des contextes communautaires, institutionnels et nationaux diff\u00e9rents, tant dans la nature de ce qui est au c\u0153ur des processus de rapatriement \u2013 qu\u2019il s\u2019agisse de collections d\u2019objets, d\u2019\u0153uvres d\u2019art ou m\u00eame de ressources phytog\u00e9n\u00e9tiques \u2013 que dans la diversit\u00e9 des approches mus\u00e9ologiques, anthropologiques, arch\u00e9ologiques, artistiques ou juridiques.<\/p>\n<p style=\"font-weight: 400;\">Les articles illustrent, d\u2019une part, des r\u00e9seaux relationnels (relations aux objets, aux anc\u00eatres, aux savoirs et aux territoires) qui orientent les d\u00e9marches de rapatriement. Comment sont-ils mobilis\u00e9s et quels sont leurs effets, notamment sur le renouvellement et la n\u00e9gociation des significations attribu\u00e9es aux collections\u00a0?<\/p>\n<p style=\"font-weight: 400;\">D\u2019autre part, les contributions analysent la mani\u00e8re dont les objets et les savoirs m\u00e9diatisent et (re)valorisent certaines relations au sein m\u00eame des communaut\u00e9s, notamment dans une perspective interg\u00e9n\u00e9rationnelle. Quel est le r\u00f4le des a\u00een\u00e9es et des jeunes dans les processus de documentation et de transmission des savoirs issus des processus de rapatriement\u00a0? Comment les connaissances restitu\u00e9es et produites sont-elles r\u00e9investies ?<\/p>\n<p><strong><a href=\"https:\/\/recherches-autochtones.org\/site\/capsules_videos\/\">Capsule vid\u00e9o pr\u00e9sentant le num\u00e9ro<\/a><\/strong><\/p>\n<p><strong><a href=\"https:\/\/recherches-autochtones.org\/site\/produit\/le-rapatriement-et-ses-multiples-dimensions-relationnelles-2021-2022-vol-51-no-1\/\">Pour en savoir davantage&#8230;<\/a><\/strong><\/p>\n","protected":false},"excerpt":{"rendered":"<p>Le premier num\u00e9ro de Revue d\u2019\u00e9tudes autochtones (anciennement publi\u00e9 sous  [&#8230;]<\/p>\n","protected":false},"author":1,"featured_media":0,"comment_status":"closed","ping_status":"open","sticky":false,"template":"","format":"standard","meta":{"_EventAllDay":false,"_EventTimezone":"","_EventStartDate":"","_EventEndDate":"","_EventStartDateUTC":"","_EventEndDateUTC":"","_EventShowMap":false,"_EventShowMapLink":false,"_EventURL":"","_EventCost":"","_EventCostDescription":"","_EventCurrencySymbol":"","_EventCurrencyCode":"","_EventCurrencyPosition":"","_EventDateTimeSeparator":"","_EventTimeRangeSeparator":"","_EventOrganizerID":[],"_EventVenueID":[],"_OrganizerEmail":"","_OrganizerPhone":"","_OrganizerWebsite":"","_VenueAddress":"","_VenueCity":"","_VenueCountry":"","_VenueProvince":"","_VenueState":"","_VenueZip":"","_VenuePhone":"","_VenueURL":"","_VenueStateProvince":"","_VenueLat":"","_VenueLng":"","_VenueShowMap":false,"_VenueShowMapLink":false,"footnotes":""},"categories":[45,83],"tags":[34],"class_list":["post-8381","post","type-post","status-publish","format-standard","hentry","category-nouveautes","category-revue-detudes-autochtones","tag-nouveautes"],"_links":{"self":[{"href":"https:\/\/recherches-autochtones.org\/site\/wp-json\/wp\/v2\/posts\/8381","targetHints":{"allow":["GET"]}}],"collection":[{"href":"https:\/\/recherches-autochtones.org\/site\/wp-json\/wp\/v2\/posts"}],"about":[{"href":"https:\/\/recherches-autochtones.org\/site\/wp-json\/wp\/v2\/types\/post"}],"author":[{"embeddable":true,"href":"https:\/\/recherches-autochtones.org\/site\/wp-json\/wp\/v2\/users\/1"}],"replies":[{"embeddable":true,"href":"https:\/\/recherches-autochtones.org\/site\/wp-json\/wp\/v2\/comments?post=8381"}],"version-history":[{"count":5,"href":"https:\/\/recherches-autochtones.org\/site\/wp-json\/wp\/v2\/posts\/8381\/revisions"}],"predecessor-version":[{"id":8451,"href":"https:\/\/recherches-autochtones.org\/site\/wp-json\/wp\/v2\/posts\/8381\/revisions\/8451"}],"wp:attachment":[{"href":"https:\/\/recherches-autochtones.org\/site\/wp-json\/wp\/v2\/media?parent=8381"}],"wp:term":[{"taxonomy":"category","embeddable":true,"href":"https:\/\/recherches-autochtones.org\/site\/wp-json\/wp\/v2\/categories?post=8381"},{"taxonomy":"post_tag","embeddable":true,"href":"https:\/\/recherches-autochtones.org\/site\/wp-json\/wp\/v2\/tags?post=8381"}],"curies":[{"name":"wp","href":"https:\/\/api.w.org\/{rel}","templated":true}]}}