{"id":7587,"date":"2021-07-05T10:30:31","date_gmt":"2021-07-05T14:30:31","guid":{"rendered":"https:\/\/recherches-autochtones.org\/site\/?p=7587"},"modified":"2021-08-05T10:31:25","modified_gmt":"2021-08-05T14:31:25","slug":"jose-serge-et-sylvie","status":"publish","type":"post","link":"https:\/\/recherches-autochtones.org\/site\/jose-serge-et-sylvie\/","title":{"rendered":"Jos\u00e9, Serge et Sylvie"},"content":{"rendered":"<p>Serge Bouchard avait raison\u00a0: \u00ab\u00a0la mort est aveugle\u00a0\u00bb. Elle frappe partout sans nous avertir. Depuis trois ans, elle me frappe de toute part (\u00e9pouse, fille, fr\u00e8re, s\u0153ur, amis et amies). \u00c0 81 ans, elle m\u2019ignore\u2026 mais je sais qu\u2019elle n\u2019est pas loin et qu\u2019elle s\u2019exerce et s\u2019acharne sur ma famille et mes amis.<\/p>\n<p>Je la connais maintenant. Elle ne me surprend plus.<\/p>\n<p>Serge et moi parlions r\u00e9guli\u00e8rement. \u00ab De tout et de rien\u00a0\u00bb, comme on dit. Il y a quelques semaines, de la mort de Sylvie, du printemps qui tardait, des Canadiens qui pi\u00e9tinaient. De tout et de rien.<\/p>\n<p>Toi Serge, t\u2019avais 73 ans, t\u2019\u00e9tais jeune et fringant. Moi, j\u2019\u00e9tais vieux, fatigu\u00e9 et entour\u00e9 de morts.<\/p>\n<p>J\u2019ai appris de Lou, ta fille, que t\u2019\u00e9tais hospitalis\u00e9 mais que tu reviendrais bient\u00f4t aupr\u00e8s d\u2019elle. G\u00e9rald McKenzie vient de m\u2019apprendre que t\u2019es all\u00e9 voir ailleurs. Les journaux sont remplis de bons et grands mots \u00e0 ton sujet, ton g\u00e9nie en communications, parl\u00e9 et \u00e9crit.<\/p>\n<p>Il s\u2019est pass\u00e9 quelques jours, puis Jos\u00e9 Mailhot est all\u00e9e te rejoindre. J\u2019avais de la mis\u00e8re \u00e0 \u00e9crire. Maintenant, j\u2019essaie de parler de vous deux, de vous trois en fait\u00a0: Serge, Jos\u00e9 et Sylvie. En fait, de celles et celui qui \u00e9taient avec moi dans les pans les premi\u00e8res loges de la revue RAQ.<\/p>\n<p>J\u2019\u00e9cris comme si je parlais. C\u2019est plus facile. Comme si je vous parlais, \u00e0 vous trois. Je sais que ce n\u2019est pas tr\u00e8s poli pour les autres qui me lisent.<\/p>\n<p>Votre disparition n\u2019est pas r\u00e9elle. Elle le sera quand\u00a0? Je vous le dirai dans un autre billet\u2026<\/p>\n<p style=\"text-align: left;\"><strong>Laurent Girouard<br \/>\n<\/strong>[Sainte-Perp\u00e9tue, le 28 mai, midi vingt]<\/p>\n","protected":false},"excerpt":{"rendered":"<p>Serge Bouchard avait raison\u00a0: \u00ab\u00a0la mort est aveugle\u00a0\u00bb. Elle frappe  [&#8230;]<\/p>\n","protected":false},"author":1,"featured_media":0,"comment_status":"closed","ping_status":"open","sticky":false,"template":"","format":"standard","meta":{"_EventAllDay":false,"_EventTimezone":"","_EventStartDate":"","_EventEndDate":"","_EventStartDateUTC":"","_EventEndDateUTC":"","_EventShowMap":false,"_EventShowMapLink":false,"_EventURL":"","_EventCost":"","_EventCostDescription":"","_EventCurrencySymbol":"","_EventCurrencyCode":"","_EventCurrencyPosition":"","_EventDateTimeSeparator":"","_EventTimeRangeSeparator":"","_EventOrganizerID":[],"_EventVenueID":[],"_OrganizerEmail":"","_OrganizerPhone":"","_OrganizerWebsite":"","_VenueAddress":"","_VenueCity":"","_VenueCountry":"","_VenueProvince":"","_VenueState":"","_VenueZip":"","_VenuePhone":"","_VenueURL":"","_VenueStateProvince":"","_VenueLat":"","_VenueLng":"","_VenueShowMap":false,"_VenueShowMapLink":false,"footnotes":""},"categories":[1],"tags":[],"class_list":["post-7587","post","type-post","status-publish","format-standard","hentry","category-uncategorized"],"_links":{"self":[{"href":"https:\/\/recherches-autochtones.org\/site\/wp-json\/wp\/v2\/posts\/7587","targetHints":{"allow":["GET"]}}],"collection":[{"href":"https:\/\/recherches-autochtones.org\/site\/wp-json\/wp\/v2\/posts"}],"about":[{"href":"https:\/\/recherches-autochtones.org\/site\/wp-json\/wp\/v2\/types\/post"}],"author":[{"embeddable":true,"href":"https:\/\/recherches-autochtones.org\/site\/wp-json\/wp\/v2\/users\/1"}],"replies":[{"embeddable":true,"href":"https:\/\/recherches-autochtones.org\/site\/wp-json\/wp\/v2\/comments?post=7587"}],"version-history":[{"count":3,"href":"https:\/\/recherches-autochtones.org\/site\/wp-json\/wp\/v2\/posts\/7587\/revisions"}],"predecessor-version":[{"id":7593,"href":"https:\/\/recherches-autochtones.org\/site\/wp-json\/wp\/v2\/posts\/7587\/revisions\/7593"}],"wp:attachment":[{"href":"https:\/\/recherches-autochtones.org\/site\/wp-json\/wp\/v2\/media?parent=7587"}],"wp:term":[{"taxonomy":"category","embeddable":true,"href":"https:\/\/recherches-autochtones.org\/site\/wp-json\/wp\/v2\/categories?post=7587"},{"taxonomy":"post_tag","embeddable":true,"href":"https:\/\/recherches-autochtones.org\/site\/wp-json\/wp\/v2\/tags?post=7587"}],"curies":[{"name":"wp","href":"https:\/\/api.w.org\/{rel}","templated":true}]}}