{"id":7117,"date":"2020-05-04T13:21:30","date_gmt":"2020-05-04T17:21:30","guid":{"rendered":"https:\/\/recherches-autochtones.org\/site\/?p=7117"},"modified":"2021-05-12T10:33:05","modified_gmt":"2021-05-12T14:33:05","slug":"deces-de-sylvie-vincent","status":"publish","type":"post","link":"https:\/\/recherches-autochtones.org\/site\/deces-de-sylvie-vincent\/","title":{"rendered":"D\u00e9c\u00e8s de Sylvie Vincent"},"content":{"rendered":"<div class=\"\" data-block=\"true\" data-editor=\"d4bqj\" data-offset-key=\"sasv-0-0\">\n<h3 class=\"_1mf _1mj\" data-offset-key=\"sasv-0-0\"><span data-offset-key=\"sasv-0-0\"><strong>Sylvie Vincent (1941-2020)<\/strong><\/span><\/h3>\n<div class=\"_1mf _1mj\" data-offset-key=\"sasv-0-0\"><span data-offset-key=\"sasv-0-0\">C\u2019est avec une grande tristesse que nous apprenons le d\u00e9c\u00e8s de Sylvie Vincent, emport\u00e9e par le virus de la COVID-19 qui s\u00e9vit actuellement dans le monde. Durant toute sa carri\u00e8re, Sylvie Vincent s\u2019est int\u00e9ress\u00e9e aux questions autochtones et plus particuli\u00e8rement \u00e0 leur histoire, leurs traditions orales, leurs revendications, etc. Elle a \u00e9t\u00e9 l\u2019une des fondatrices de la revue <em>Recherches am\u00e9rindiennes au Qu\u00e9bec<\/em> et elle y a consacr\u00e9 son temps et ses \u00e9nergies pendant pr\u00e8s de cinq <\/span><span data-offset-key=\"sasv-0-0\">d\u00e9cennies.<\/span><\/div>\n<\/div>\n<div class=\"\" data-block=\"true\" data-editor=\"d4bqj\" data-offset-key=\"2edaj-0-0\">\n<div class=\"_1mf _1mj\" data-offset-key=\"2edaj-0-0\"><span data-offset-key=\"2edaj-0-0\">\u00a0<\/span><\/div>\n<\/div>\n<div class=\"\" data-block=\"true\" data-editor=\"d4bqj\" data-offset-key=\"5e7f4-0-0\">\n<div class=\"_1mf _1mj\" data-offset-key=\"5e7f4-0-0\"><span data-offset-key=\"5e7f4-0-0\">Au fil des ann\u00e9es, elle a notamment collabor\u00e9 avec les Cris, les Algonquins et les Hurons-Wendat. Au cours des derni\u00e8res ann\u00e9es, Sylvie a travaill\u00e9 avec les Innus de la C\u00f4te-Nord \u2013 en compagnie de Laurent Girouard \u2013 \u00e0 la collecte de r\u00e9cits et d\u2019histoires familiales sur l\u2019occupation du territoire et sur la toponymie. Force tranquille s\u2019il en est une, Sylvie Vincent s\u2019est impos\u00e9e par sa d\u00e9termination, son autonomie professionnelle et sa rigueur scientifique. Elle a d\u00e9nonc\u00e9 le racisme dans nos manuels scolaires et l\u2019h\u00e9ritage colonial de notre historiographie avec la publication du livre <em>L\u2019image des Am\u00e9rindiens dans les manuels scolaires<\/em> r\u00e9dig\u00e9 avec la collaboration de l\u2019anthropologue Bernard Arcand.<\/span><\/div>\n<\/div>\n<div class=\"\" data-block=\"true\" data-editor=\"d4bqj\" data-offset-key=\"2mgac-0-0\">\n<div class=\"_1mf _1mj\" data-offset-key=\"2mgac-0-0\"><span data-offset-key=\"2mgac-0-0\">\u00a0<\/span><\/div>\n<\/div>\n<div class=\"\" data-block=\"true\" data-editor=\"d4bqj\" data-offset-key=\"ckdpr-0-0\">\n<div class=\"_1mf _1mj\" data-offset-key=\"ckdpr-0-0\"><span data-offset-key=\"ckdpr-0-0\">Sylvie, nos chaleureuses pens\u00e9es t\u2019accompagnent. Toute l\u2019\u00e9quipe de la revue et de la Soci\u00e9t\u00e9 RAQ adresse ses plus sinc\u00e8res condol\u00e9ances \u00e0 ses enfants, \u00e0 sa famille ainsi qu\u2019\u00e0 tous ses coll\u00e8gues et amis.<\/span><\/div>\n<\/div>\n<p>Les membres du Conseil d\u2019administration de la Soci\u00e9t\u00e9 Recherches am\u00e9rindiennes au Qu\u00e9bec et la R\u00e9daction de la revue <em>Recherches am\u00e9rindiennes au Qu\u00e9bec<\/em><\/p>\n<p><span data-offset-key=\"5e7f4-0-0\">(Photo de G\u00e9rald McKenzie)<\/span><\/p>\n<p>********<\/p>\n<p>Nous vous invitons \u00e0 lire les hommages publi\u00e9s dans <a href=\"https:\/\/www.erudit.org\/fr\/revues\/raq\/2019-v49-n2-raq05428\/1070763ar\/\"><strong><em>Recherches am\u00e9rindiennes au Qu\u00e9bec<\/em>, vol. 49, n\u02da 2<\/strong><\/a>.<\/p>\n<p>Vous pouvez \u00e9galement prendre connaissance de trois textes qui soulignent le d\u00e9part de notre coll\u00e8gue Sylvie Vincent :<\/p>\n<ul>\n<li><a href=\"https:\/\/www.ledevoir.com\/societe\/578177\/deces-de-l-anthropologue-sylvie-vincent\">Texte de Caroline Montpetit dans le journal <em>Le Devoir<\/em><\/a><\/li>\n<li><a href=\"https:\/\/ici.radio-canada.ca\/nouvelle\/1699406\/anthropologue-sylvie-vincent-morte-deces-innu\">Texte de Marie Kirouac-Poirier sur <em>Ici Radio-Canada<\/em><\/a><\/li>\n<li><a href=\"https:\/\/ici.radio-canada.ca\/premiere\/emissions\/boreale-138\/segments\/entrevue\/168723\/deces-sylvie-vincent-hommage-josephine-bacon?fbclid=IwAR1TMbUM0ZZyPDvBgOmXvrtSCAsqHuiGKFCwnWwlYVSmTOkysevoeAnkHxE\">Hommage \u00e0 Sylvie Vincent : entrevue avec Jos\u00e9phine Bacon (4 mai 2020)<\/a><\/li>\n<\/ul>\n<p>&nbsp;<\/p>\n","protected":false},"excerpt":{"rendered":"<p>Sylvie Vincent (1941-2020) C\u2019est avec une grande tristesse que nous  [&#8230;]<\/p>\n","protected":false},"author":1,"featured_media":6768,"comment_status":"closed","ping_status":"open","sticky":false,"template":"","format":"standard","meta":{"_EventAllDay":false,"_EventTimezone":"","_EventStartDate":"","_EventEndDate":"","_EventStartDateUTC":"","_EventEndDateUTC":"","_EventShowMap":false,"_EventShowMapLink":false,"_EventURL":"","_EventCost":"","_EventCostDescription":"","_EventCurrencySymbol":"","_EventCurrencyCode":"","_EventCurrencyPosition":"","_EventDateTimeSeparator":"","_EventTimeRangeSeparator":"","_EventOrganizerID":[],"_EventVenueID":[],"_OrganizerEmail":"","_OrganizerPhone":"","_OrganizerWebsite":"","_VenueAddress":"","_VenueCity":"","_VenueCountry":"","_VenueProvince":"","_VenueState":"","_VenueZip":"","_VenuePhone":"","_VenueURL":"","_VenueStateProvince":"","_VenueLat":"","_VenueLng":"","_VenueShowMap":false,"_VenueShowMapLink":false,"footnotes":""},"categories":[45],"tags":[34],"class_list":["post-7117","post","type-post","status-publish","format-standard","has-post-thumbnail","hentry","category-nouveautes","tag-nouveautes"],"_links":{"self":[{"href":"https:\/\/recherches-autochtones.org\/site\/wp-json\/wp\/v2\/posts\/7117","targetHints":{"allow":["GET"]}}],"collection":[{"href":"https:\/\/recherches-autochtones.org\/site\/wp-json\/wp\/v2\/posts"}],"about":[{"href":"https:\/\/recherches-autochtones.org\/site\/wp-json\/wp\/v2\/types\/post"}],"author":[{"embeddable":true,"href":"https:\/\/recherches-autochtones.org\/site\/wp-json\/wp\/v2\/users\/1"}],"replies":[{"embeddable":true,"href":"https:\/\/recherches-autochtones.org\/site\/wp-json\/wp\/v2\/comments?post=7117"}],"version-history":[{"count":6,"href":"https:\/\/recherches-autochtones.org\/site\/wp-json\/wp\/v2\/posts\/7117\/revisions"}],"predecessor-version":[{"id":7457,"href":"https:\/\/recherches-autochtones.org\/site\/wp-json\/wp\/v2\/posts\/7117\/revisions\/7457"}],"wp:featuredmedia":[{"embeddable":true,"href":"https:\/\/recherches-autochtones.org\/site\/wp-json\/wp\/v2\/media\/6768"}],"wp:attachment":[{"href":"https:\/\/recherches-autochtones.org\/site\/wp-json\/wp\/v2\/media?parent=7117"}],"wp:term":[{"taxonomy":"category","embeddable":true,"href":"https:\/\/recherches-autochtones.org\/site\/wp-json\/wp\/v2\/categories?post=7117"},{"taxonomy":"post_tag","embeddable":true,"href":"https:\/\/recherches-autochtones.org\/site\/wp-json\/wp\/v2\/tags?post=7117"}],"curies":[{"name":"wp","href":"https:\/\/api.w.org\/{rel}","templated":true}]}}