{"id":7062,"date":"2020-07-03T10:38:05","date_gmt":"2020-07-03T14:38:05","guid":{"rendered":"https:\/\/recherches-autochtones.org\/site\/?p=7062"},"modified":"2020-09-03T10:56:32","modified_gmt":"2020-09-03T14:56:32","slug":"confinements-crises-sanitaires-et-epidemies-chez-les-autochtones","status":"publish","type":"post","link":"https:\/\/recherches-autochtones.org\/site\/confinements-crises-sanitaires-et-epidemies-chez-les-autochtones\/","title":{"rendered":"Appel de textes \u2013\u00a0Confinements, crises sanitaires et \u00e9pid\u00e9mies chez les Autochtones"},"content":{"rendered":"<p>Voici un appel de textes pour un num\u00e9ro th\u00e9matique en pr\u00e9paration par Marie-Pierre Bousquet sur la th\u00e9matique suivante :\u00a0<a href=\"https:\/\/recherches-autochtones.org\/site\/auteurs\/2020_06_16_appel_raq_confinement_crises_sanitaires.pdf\">Confinements, crises sanitaires et \u00e9pid\u00e9mies chez les Autochtones<\/a><\/p>\n","protected":false},"excerpt":{"rendered":"<p>Voici un appel de textes pour un num\u00e9ro th\u00e9matique en  [&#8230;]<\/p>\n","protected":false},"author":1,"featured_media":0,"comment_status":"closed","ping_status":"open","sticky":false,"template":"","format":"standard","meta":{"_EventAllDay":false,"_EventTimezone":"","_EventStartDate":"","_EventEndDate":"","_EventStartDateUTC":"","_EventEndDateUTC":"","_EventShowMap":false,"_EventShowMapLink":false,"_EventURL":"","_EventCost":"","_EventCostDescription":"","_EventCurrencySymbol":"","_EventCurrencyCode":"","_EventCurrencyPosition":"","_EventDateTimeSeparator":"","_EventTimeRangeSeparator":"","_EventOrganizerID":[],"_EventVenueID":[],"_OrganizerEmail":"","_OrganizerPhone":"","_OrganizerWebsite":"","_VenueAddress":"","_VenueCity":"","_VenueCountry":"","_VenueProvince":"","_VenueState":"","_VenueZip":"","_VenuePhone":"","_VenueURL":"","_VenueStateProvince":"","_VenueLat":"","_VenueLng":"","_VenueShowMap":false,"_VenueShowMapLink":false,"footnotes":""},"categories":[45,37],"tags":[],"class_list":["post-7062","post","type-post","status-publish","format-standard","hentry","category-nouveautes","category-revue-recherches-amerindiennes-au-quebec"],"_links":{"self":[{"href":"https:\/\/recherches-autochtones.org\/site\/wp-json\/wp\/v2\/posts\/7062","targetHints":{"allow":["GET"]}}],"collection":[{"href":"https:\/\/recherches-autochtones.org\/site\/wp-json\/wp\/v2\/posts"}],"about":[{"href":"https:\/\/recherches-autochtones.org\/site\/wp-json\/wp\/v2\/types\/post"}],"author":[{"embeddable":true,"href":"https:\/\/recherches-autochtones.org\/site\/wp-json\/wp\/v2\/users\/1"}],"replies":[{"embeddable":true,"href":"https:\/\/recherches-autochtones.org\/site\/wp-json\/wp\/v2\/comments?post=7062"}],"version-history":[{"count":4,"href":"https:\/\/recherches-autochtones.org\/site\/wp-json\/wp\/v2\/posts\/7062\/revisions"}],"predecessor-version":[{"id":7067,"href":"https:\/\/recherches-autochtones.org\/site\/wp-json\/wp\/v2\/posts\/7062\/revisions\/7067"}],"wp:attachment":[{"href":"https:\/\/recherches-autochtones.org\/site\/wp-json\/wp\/v2\/media?parent=7062"}],"wp:term":[{"taxonomy":"category","embeddable":true,"href":"https:\/\/recherches-autochtones.org\/site\/wp-json\/wp\/v2\/categories?post=7062"},{"taxonomy":"post_tag","embeddable":true,"href":"https:\/\/recherches-autochtones.org\/site\/wp-json\/wp\/v2\/tags?post=7062"}],"curies":[{"name":"wp","href":"https:\/\/api.w.org\/{rel}","templated":true}]}}