{"id":7055,"date":"2020-09-03T11:18:57","date_gmt":"2020-09-03T15:18:57","guid":{"rendered":"https:\/\/recherches-autochtones.org\/site\/?p=7055"},"modified":"2020-11-09T15:25:32","modified_gmt":"2020-11-09T20:25:32","slug":"raq-vol-492-le-consentement-prealable-libre-et-eclaire","status":"publish","type":"post","link":"https:\/\/recherches-autochtones.org\/site\/raq-vol-492-le-consentement-prealable-libre-et-eclaire\/","title":{"rendered":"RAQ, vol. 49(2) \u2013 Le consentement pr\u00e9alable, libre et \u00e9clair\u00e9"},"content":{"rendered":"<p>Le plus r\u00e9cent num\u00e9ro de la revue <em>Recherches am\u00e9rindiennes au Qu\u00e9bec<\/em> est maintenant disponible. Ce num\u00e9ro a pour th\u00e9matique \u2013 Le consentement pr\u00e9alable, libre et \u00e9clair\u00e9 : du principe \u00e0 la mise en \u0153uvreen contexte canadien. \u00a0<a href=\"https:\/\/recherches-autochtones.org\/site\/produit\/le-consentement-prealable-libre-et-eclaire-2019-vol-49-no-2\" target=\"_blank\" rel=\"noopener noreferrer\">Pour en savoir davantage&#8230;<\/a><\/p>\n<p>Nous vous invitons d&rsquo;ailleurs \u00e0 visionner une <a href=\"https:\/\/youtu.be\/JwafiHtoQLI\"><strong>capsule vid\u00e9o (6 min.) qui pr\u00e9sente le num\u00e9ro<\/strong><\/a>.<\/p>\n<p><strong><a href=\"https:\/\/youtu.be\/lBiHwF1nU7A\">Lancement table ronde du 29 octobre 2020 sur notre cha\u00eene YouTube.<\/a><\/strong><\/p>\n<p><a href=\"https:\/\/recherches-autochtones.org\/site\/wp-content\/uploads\/2020\/08\/raq049_2_c01.jpg\"><img decoding=\"async\" class=\"aligncenter wp-image-7036 size-medium\" src=\"https:\/\/recherches-autochtones.org\/site\/wp-content\/uploads\/2020\/08\/raq049_2_c01-230x300.jpg\" alt=\"\" width=\"230\" height=\"300\" srcset=\"https:\/\/recherches-autochtones.org\/site\/wp-content\/uploads\/2020\/08\/raq049_2_c01-115x150.jpg 115w, https:\/\/recherches-autochtones.org\/site\/wp-content\/uploads\/2020\/08\/raq049_2_c01-200x261.jpg 200w, https:\/\/recherches-autochtones.org\/site\/wp-content\/uploads\/2020\/08\/raq049_2_c01-230x300.jpg 230w, https:\/\/recherches-autochtones.org\/site\/wp-content\/uploads\/2020\/08\/raq049_2_c01-400x522.jpg 400w, https:\/\/recherches-autochtones.org\/site\/wp-content\/uploads\/2020\/08\/raq049_2_c01-500x653.jpg 500w, https:\/\/recherches-autochtones.org\/site\/wp-content\/uploads\/2020\/08\/raq049_2_c01-600x784.jpg 600w, https:\/\/recherches-autochtones.org\/site\/wp-content\/uploads\/2020\/08\/raq049_2_c01.jpg 689w\" sizes=\"(max-width: 230px) 100vw, 230px\" \/><\/a><\/p>\n","protected":false},"excerpt":{"rendered":"<p>Le plus r\u00e9cent num\u00e9ro de la revue Recherches am\u00e9rindiennes au  [&#8230;]<\/p>\n","protected":false},"author":1,"featured_media":0,"comment_status":"closed","ping_status":"open","sticky":false,"template":"","format":"standard","meta":{"_EventAllDay":false,"_EventTimezone":"","_EventStartDate":"","_EventEndDate":"","_EventStartDateUTC":"","_EventEndDateUTC":"","_EventShowMap":false,"_EventShowMapLink":false,"_EventURL":"","_EventCost":"","_EventCostDescription":"","_EventCurrencySymbol":"","_EventCurrencyCode":"","_EventCurrencyPosition":"","_EventDateTimeSeparator":"","_EventTimeRangeSeparator":"","_EventOrganizerID":[],"_EventVenueID":[],"_OrganizerEmail":"","_OrganizerPhone":"","_OrganizerWebsite":"","_VenueAddress":"","_VenueCity":"","_VenueCountry":"","_VenueProvince":"","_VenueState":"","_VenueZip":"","_VenuePhone":"","_VenueURL":"","_VenueStateProvince":"","_VenueLat":"","_VenueLng":"","_VenueShowMap":false,"_VenueShowMapLink":false,"footnotes":""},"categories":[45,37],"tags":[34],"class_list":["post-7055","post","type-post","status-publish","format-standard","hentry","category-nouveautes","category-revue-recherches-amerindiennes-au-quebec","tag-nouveautes"],"_links":{"self":[{"href":"https:\/\/recherches-autochtones.org\/site\/wp-json\/wp\/v2\/posts\/7055","targetHints":{"allow":["GET"]}}],"collection":[{"href":"https:\/\/recherches-autochtones.org\/site\/wp-json\/wp\/v2\/posts"}],"about":[{"href":"https:\/\/recherches-autochtones.org\/site\/wp-json\/wp\/v2\/types\/post"}],"author":[{"embeddable":true,"href":"https:\/\/recherches-autochtones.org\/site\/wp-json\/wp\/v2\/users\/1"}],"replies":[{"embeddable":true,"href":"https:\/\/recherches-autochtones.org\/site\/wp-json\/wp\/v2\/comments?post=7055"}],"version-history":[{"count":4,"href":"https:\/\/recherches-autochtones.org\/site\/wp-json\/wp\/v2\/posts\/7055\/revisions"}],"predecessor-version":[{"id":7203,"href":"https:\/\/recherches-autochtones.org\/site\/wp-json\/wp\/v2\/posts\/7055\/revisions\/7203"}],"wp:attachment":[{"href":"https:\/\/recherches-autochtones.org\/site\/wp-json\/wp\/v2\/media?parent=7055"}],"wp:term":[{"taxonomy":"category","embeddable":true,"href":"https:\/\/recherches-autochtones.org\/site\/wp-json\/wp\/v2\/categories?post=7055"},{"taxonomy":"post_tag","embeddable":true,"href":"https:\/\/recherches-autochtones.org\/site\/wp-json\/wp\/v2\/tags?post=7055"}],"curies":[{"name":"wp","href":"https:\/\/api.w.org\/{rel}","templated":true}]}}