{"id":6354,"date":"2020-01-15T08:56:40","date_gmt":"2020-01-15T13:56:40","guid":{"rendered":"https:\/\/recherches-autochtones.org\/site\/?p=6354"},"modified":"2020-01-15T08:56:42","modified_gmt":"2020-01-15T13:56:42","slug":"raq-vol-491-enjeux-lieux-et-langues","status":"publish","type":"post","link":"https:\/\/recherches-autochtones.org\/site\/raq-vol-491-enjeux-lieux-et-langues\/","title":{"rendered":"RAQ, vol. 49(1) \u2013 Enjeux, lieux et langues"},"content":{"rendered":"<p>Le plus r\u00e9cent num\u00e9ro de la revue <em>Recherches am\u00e9rindiennes au Qu\u00e9bec<\/em> est maintenant disponible. Ce num\u00e9ro a pour th\u00e9matique \u2013 Enjeux, lieux et langues \u00a0<a href=\"https:\/\/recherches-autochtones.org\/site\/produit\/enjeux-lieux-et-langues-2019-vol-49-no-1\" target=\"_blank\" rel=\"noopener noreferrer\">Pour en savoir davantage&#8230;<\/a><\/p>\n<p><a href=\"https:\/\/recherches-autochtones.org\/site\/wp-content\/uploads\/2019\/12\/raq049_1_c01.jpg\"><img decoding=\"async\" class=\"aligncenter wp-image-6252 size-medium\" src=\"https:\/\/recherches-autochtones.org\/site\/wp-content\/uploads\/2019\/12\/raq049_1_c01-230x300.jpg\" alt=\"\" width=\"230\" height=\"300\" srcset=\"https:\/\/recherches-autochtones.org\/site\/wp-content\/uploads\/2019\/12\/raq049_1_c01-115x150.jpg 115w, https:\/\/recherches-autochtones.org\/site\/wp-content\/uploads\/2019\/12\/raq049_1_c01-200x260.jpg 200w, https:\/\/recherches-autochtones.org\/site\/wp-content\/uploads\/2019\/12\/raq049_1_c01-230x300.jpg 230w, https:\/\/recherches-autochtones.org\/site\/wp-content\/uploads\/2019\/12\/raq049_1_c01-400x521.jpg 400w, https:\/\/recherches-autochtones.org\/site\/wp-content\/uploads\/2019\/12\/raq049_1_c01-500x651.jpg 500w, https:\/\/recherches-autochtones.org\/site\/wp-content\/uploads\/2019\/12\/raq049_1_c01-600x781.jpg 600w, https:\/\/recherches-autochtones.org\/site\/wp-content\/uploads\/2019\/12\/raq049_1_c01.jpg 691w\" sizes=\"(max-width: 230px) 100vw, 230px\" \/><\/a><\/p>\n","protected":false},"excerpt":{"rendered":"<p>Le plus r\u00e9cent num\u00e9ro de la revue Recherches am\u00e9rindiennes au  [&#8230;]<\/p>\n","protected":false},"author":1,"featured_media":0,"comment_status":"closed","ping_status":"open","sticky":false,"template":"","format":"standard","meta":{"_EventAllDay":false,"_EventTimezone":"","_EventStartDate":"","_EventEndDate":"","_EventStartDateUTC":"","_EventEndDateUTC":"","_EventShowMap":false,"_EventShowMapLink":false,"_EventURL":"","_EventCost":"","_EventCostDescription":"","_EventCurrencySymbol":"","_EventCurrencyCode":"","_EventCurrencyPosition":"","_EventDateTimeSeparator":"","_EventTimeRangeSeparator":"","_EventOrganizerID":[],"_EventVenueID":[],"_OrganizerEmail":"","_OrganizerPhone":"","_OrganizerWebsite":"","_VenueAddress":"","_VenueCity":"","_VenueCountry":"","_VenueProvince":"","_VenueState":"","_VenueZip":"","_VenuePhone":"","_VenueURL":"","_VenueStateProvince":"","_VenueLat":"","_VenueLng":"","_VenueShowMap":false,"_VenueShowMapLink":false,"footnotes":""},"categories":[45,37],"tags":[34],"class_list":["post-6354","post","type-post","status-publish","format-standard","hentry","category-nouveautes","category-revue-recherches-amerindiennes-au-quebec","tag-nouveautes"],"_links":{"self":[{"href":"https:\/\/recherches-autochtones.org\/site\/wp-json\/wp\/v2\/posts\/6354","targetHints":{"allow":["GET"]}}],"collection":[{"href":"https:\/\/recherches-autochtones.org\/site\/wp-json\/wp\/v2\/posts"}],"about":[{"href":"https:\/\/recherches-autochtones.org\/site\/wp-json\/wp\/v2\/types\/post"}],"author":[{"embeddable":true,"href":"https:\/\/recherches-autochtones.org\/site\/wp-json\/wp\/v2\/users\/1"}],"replies":[{"embeddable":true,"href":"https:\/\/recherches-autochtones.org\/site\/wp-json\/wp\/v2\/comments?post=6354"}],"version-history":[{"count":2,"href":"https:\/\/recherches-autochtones.org\/site\/wp-json\/wp\/v2\/posts\/6354\/revisions"}],"predecessor-version":[{"id":6356,"href":"https:\/\/recherches-autochtones.org\/site\/wp-json\/wp\/v2\/posts\/6354\/revisions\/6356"}],"wp:attachment":[{"href":"https:\/\/recherches-autochtones.org\/site\/wp-json\/wp\/v2\/media?parent=6354"}],"wp:term":[{"taxonomy":"category","embeddable":true,"href":"https:\/\/recherches-autochtones.org\/site\/wp-json\/wp\/v2\/categories?post=6354"},{"taxonomy":"post_tag","embeddable":true,"href":"https:\/\/recherches-autochtones.org\/site\/wp-json\/wp\/v2\/tags?post=6354"}],"curies":[{"name":"wp","href":"https:\/\/api.w.org\/{rel}","templated":true}]}}