{"id":6135,"date":"2019-10-14T09:20:14","date_gmt":"2019-10-14T13:20:14","guid":{"rendered":"https:\/\/recherches-autochtones.org\/site\/?p=6135"},"modified":"2019-10-16T09:22:22","modified_gmt":"2019-10-16T13:22:22","slug":"lancement-la-blessure-qui-dormait-a-poings-fermes-lheritage-des-pensionnats-autochtones-au-quebec","status":"publish","type":"post","link":"https:\/\/recherches-autochtones.org\/site\/lancement-la-blessure-qui-dormait-a-poings-fermes-lheritage-des-pensionnats-autochtones-au-quebec\/","title":{"rendered":"Lancement \u2013 La blessure qui dormait \u00e0 poings ferm\u00e9s : l&rsquo;h\u00e9ritage des pensionnats autochtones au Qu\u00e9bec"},"content":{"rendered":"<p><strong>Lancement du livre<\/strong> <em>La blessure qui dormait \u00e0 poings ferm\u00e9s : l&rsquo;h\u00e9ritage des pensionnats autochtones au Qu\u00e9bec<\/em><\/p>\n<p><span class=\"\" lang=\"FR-CA\">La Soci\u00e9t\u00e9 Recherches am\u00e9rindiennes au Qu\u00e9bec, le Centre interuniversitaire d\u2019\u00e9tudes et de recherches autochtones (p\u00f4le Montr\u00e9al) et Marie-Pierre Bousquet ont le plaisir de vous inviter au\u00a0lancement\u00a0de l\u2019ouvrage collectif\u00a0<i class=\"\">La blessure qui dormait \u00e0 poings ferm\u00e9s. L\u2019h\u00e9ritage des pensionnats autochtones au Qu\u00e9bec<\/i>\u00a0co-dirig\u00e9 par Marie-Pierre Bousquet et Karl S. Hele et pr\u00e9fac\u00e9 par Maurice J. Kistabish.<\/span><\/p>\n<p><span class=\"\" lang=\"FR-CA\">Publi\u00e9 dans la collection \u00ab Signes des Am\u00e9riques\u00a0\u00bb, le livre r\u00e9unit les textes de plusieurs autrices et auteurs\u00a0: Alexandra Beaulieu, Marie-Pierre Bousquet, Brieg Capitaine, Paul Charest, Emanuelle Dufour, Karl S. Hele, Myl\u00e8ne Jubinville, Maurice J. Kistabish, Francis L\u00e9vesque, Joel Montanez, Jean Morisset, Audrey Pinsonneault, Anne-Marie Reynaud, Thierry Rodon, Jean-Fran\u00e7ois Roussel et Karine Vanthuyne.<\/span><\/p>\n<p><span class=\"\" lang=\"FR-CA\">En plus de c\u00e9l\u00e9brer la parution du livre, nous esp\u00e9rons que cet \u00e9v\u00e9nement permettra d\u2019engager des \u00e9changes autour de la r\u00e9conciliation entre les peuples dans le contexte du Qu\u00e9bec actuel.<\/span><\/p>\n<div class=\"\"><span class=\"\" lang=\"FR-CA\">\u00a0<\/span><\/div>\n<div class=\"\"><b class=\"\"><span class=\"\" lang=\"FR-CA\">Quand\u00a0: Mercredi le 16 octobre, de 17h \u00e0 19h<\/span><\/b><\/div>\n<div class=\"\"><b class=\"\"><span class=\"\" lang=\"FR-CA\">O\u00f9\u00a0: \u00c0 l\u2019Universit\u00e9 de Montr\u00e9al, Carrefour des arts et des sciences (pavillon Lionel-Groulx), local C-2081-2083<\/span><\/b><\/div>\n<p><a href=\"https:\/\/www.facebook.com\/events\/508638733293115\/\"><strong>Pour consulter l&rsquo;\u00e9v\u00e9nement Facebook!<\/strong><\/a><\/p>\n<p style=\"text-align: left;\"><a href=\"https:\/\/recherches-autochtones.org\/site\/wp-content\/uploads\/2019\/09\/sa016_c01.jpg\"><img decoding=\"async\" class=\"size-medium wp-image-6084 alignleft\" src=\"https:\/\/recherches-autochtones.org\/site\/wp-content\/uploads\/2019\/09\/sa016_c01-200x300.jpg\" alt=\"\" width=\"200\" height=\"300\" srcset=\"https:\/\/recherches-autochtones.org\/site\/wp-content\/uploads\/2019\/09\/sa016_c01-100x150.jpg 100w, https:\/\/recherches-autochtones.org\/site\/wp-content\/uploads\/2019\/09\/sa016_c01-200x300.jpg 200w, https:\/\/recherches-autochtones.org\/site\/wp-content\/uploads\/2019\/09\/sa016_c01-400x600.jpg 400w, https:\/\/recherches-autochtones.org\/site\/wp-content\/uploads\/2019\/09\/sa016_c01-500x750.jpg 500w, https:\/\/recherches-autochtones.org\/site\/wp-content\/uploads\/2019\/09\/sa016_c01.jpg 600w\" sizes=\"(max-width: 200px) 100vw, 200px\" \/><\/a><\/p>\n","protected":false},"excerpt":{"rendered":"<p>Lancement du livre La blessure qui dormait \u00e0 poings ferm\u00e9s  [&#8230;]<\/p>\n","protected":false},"author":1,"featured_media":0,"comment_status":"closed","ping_status":"open","sticky":false,"template":"","format":"standard","meta":{"_EventAllDay":false,"_EventTimezone":"","_EventStartDate":"","_EventEndDate":"","_EventStartDateUTC":"","_EventEndDateUTC":"","_EventShowMap":false,"_EventShowMapLink":false,"_EventURL":"","_EventCost":"","_EventCostDescription":"","_EventCurrencySymbol":"","_EventCurrencyCode":"","_EventCurrencyPosition":"","_EventDateTimeSeparator":"","_EventTimeRangeSeparator":"","_EventOrganizerID":[],"_EventVenueID":[],"_OrganizerEmail":"","_OrganizerPhone":"","_OrganizerWebsite":"","_VenueAddress":"","_VenueCity":"","_VenueCountry":"","_VenueProvince":"","_VenueState":"","_VenueZip":"","_VenuePhone":"","_VenueURL":"","_VenueStateProvince":"","_VenueLat":"","_VenueLng":"","_VenueShowMap":false,"_VenueShowMapLink":false,"footnotes":""},"categories":[38,45],"tags":[],"class_list":["post-6135","post","type-post","status-publish","format-standard","hentry","category-coll-signes-des-ameriques","category-nouveautes"],"_links":{"self":[{"href":"https:\/\/recherches-autochtones.org\/site\/wp-json\/wp\/v2\/posts\/6135","targetHints":{"allow":["GET"]}}],"collection":[{"href":"https:\/\/recherches-autochtones.org\/site\/wp-json\/wp\/v2\/posts"}],"about":[{"href":"https:\/\/recherches-autochtones.org\/site\/wp-json\/wp\/v2\/types\/post"}],"author":[{"embeddable":true,"href":"https:\/\/recherches-autochtones.org\/site\/wp-json\/wp\/v2\/users\/1"}],"replies":[{"embeddable":true,"href":"https:\/\/recherches-autochtones.org\/site\/wp-json\/wp\/v2\/comments?post=6135"}],"version-history":[{"count":2,"href":"https:\/\/recherches-autochtones.org\/site\/wp-json\/wp\/v2\/posts\/6135\/revisions"}],"predecessor-version":[{"id":6138,"href":"https:\/\/recherches-autochtones.org\/site\/wp-json\/wp\/v2\/posts\/6135\/revisions\/6138"}],"wp:attachment":[{"href":"https:\/\/recherches-autochtones.org\/site\/wp-json\/wp\/v2\/media?parent=6135"}],"wp:term":[{"taxonomy":"category","embeddable":true,"href":"https:\/\/recherches-autochtones.org\/site\/wp-json\/wp\/v2\/categories?post=6135"},{"taxonomy":"post_tag","embeddable":true,"href":"https:\/\/recherches-autochtones.org\/site\/wp-json\/wp\/v2\/tags?post=6135"}],"curies":[{"name":"wp","href":"https:\/\/api.w.org\/{rel}","templated":true}]}}