{"id":5696,"date":"2019-02-01T10:59:08","date_gmt":"2019-02-01T15:59:08","guid":{"rendered":"https:\/\/recherches-autochtones.org\/site\/?p=5696"},"modified":"2019-08-01T11:32:06","modified_gmt":"2019-08-01T15:32:06","slug":"vient-de-paraitre-droulers-tsiionhiakwatha-chef-lieu-iroquoien-de-saint-anicet-a-fin-xve-siecle","status":"publish","type":"post","link":"https:\/\/recherches-autochtones.org\/site\/vient-de-paraitre-droulers-tsiionhiakwatha-chef-lieu-iroquoien-de-saint-anicet-a-fin-xve-siecle\/","title":{"rendered":"Vient de para\u00eetre \u2013 Droulers-Tsiionhiakwatha: chef-lieu iroquoien de  Saint-Anicet \u00e0 la fin du XVe si\u00e8cle"},"content":{"rendered":"<p>Droulers-Tsiionhiakwatha: chef-lieu iroquoien de Saint-Anicet \u00e0 la fin du XVe si\u00e8cle : la plus r\u00e9cente publication dans la collection Pal\u00e9o-Qu\u00e9bec. &nbsp;<a href=\"https:\/\/recherches-autochtones.org\/site\/produit\/droulers-tsiionhiakwatha\">Pour en savoir davantage&#8230;<\/a><\/p>\n<p><a href=\"https:\/\/recherches-autochtones.org\/site\/wp-content\/uploads\/2019\/02\/Couv_PQ38_C1_web.jpg\"><img decoding=\"async\" class=\"size-medium wp-image-5688 alignleft\" src=\"https:\/\/recherches-autochtones.org\/site\/wp-content\/uploads\/2019\/02\/Couv_PQ38_C1_web-225x300.jpg\" alt=\"\" width=\"225\" height=\"300\" srcset=\"https:\/\/recherches-autochtones.org\/site\/wp-content\/uploads\/2019\/02\/Couv_PQ38_C1_web-113x150.jpg 113w, https:\/\/recherches-autochtones.org\/site\/wp-content\/uploads\/2019\/02\/Couv_PQ38_C1_web-200x266.jpg 200w, https:\/\/recherches-autochtones.org\/site\/wp-content\/uploads\/2019\/02\/Couv_PQ38_C1_web-225x300.jpg 225w, https:\/\/recherches-autochtones.org\/site\/wp-content\/uploads\/2019\/02\/Couv_PQ38_C1_web-400x532.jpg 400w, https:\/\/recherches-autochtones.org\/site\/wp-content\/uploads\/2019\/02\/Couv_PQ38_C1_web.jpg 472w\" sizes=\"(max-width: 225px) 100vw, 225px\" \/><\/a><\/p>\n","protected":false},"excerpt":{"rendered":"<p>Droulers-Tsiionhiakwatha: chef-lieu iroquoien de Saint-Anicet \u00e0 la fin du XVe  [&#8230;]<\/p>\n","protected":false},"author":1,"featured_media":0,"comment_status":"closed","ping_status":"open","sticky":false,"template":"","format":"standard","meta":{"_EventAllDay":false,"_EventTimezone":"","_EventStartDate":"","_EventEndDate":"","_EventStartDateUTC":"","_EventEndDateUTC":"","_EventShowMap":false,"_EventShowMapLink":false,"_EventURL":"","_EventCost":"","_EventCostDescription":"","_EventCurrencySymbol":"","_EventCurrencyCode":"","_EventCurrencyPosition":"","_EventDateTimeSeparator":"","_EventTimeRangeSeparator":"","_EventOrganizerID":[],"_EventVenueID":[],"_OrganizerEmail":"","_OrganizerPhone":"","_OrganizerWebsite":"","_VenueAddress":"","_VenueCity":"","_VenueCountry":"","_VenueProvince":"","_VenueState":"","_VenueZip":"","_VenuePhone":"","_VenueURL":"","_VenueStateProvince":"","_VenueLat":"","_VenueLng":"","_VenueShowMap":false,"_VenueShowMapLink":false,"footnotes":""},"categories":[60,45],"tags":[34],"class_list":["post-5696","post","type-post","status-publish","format-standard","hentry","category-coll-paleo-quebec","category-nouveautes","tag-nouveautes"],"_links":{"self":[{"href":"https:\/\/recherches-autochtones.org\/site\/wp-json\/wp\/v2\/posts\/5696","targetHints":{"allow":["GET"]}}],"collection":[{"href":"https:\/\/recherches-autochtones.org\/site\/wp-json\/wp\/v2\/posts"}],"about":[{"href":"https:\/\/recherches-autochtones.org\/site\/wp-json\/wp\/v2\/types\/post"}],"author":[{"embeddable":true,"href":"https:\/\/recherches-autochtones.org\/site\/wp-json\/wp\/v2\/users\/1"}],"replies":[{"embeddable":true,"href":"https:\/\/recherches-autochtones.org\/site\/wp-json\/wp\/v2\/comments?post=5696"}],"version-history":[{"count":3,"href":"https:\/\/recherches-autochtones.org\/site\/wp-json\/wp\/v2\/posts\/5696\/revisions"}],"predecessor-version":[{"id":6037,"href":"https:\/\/recherches-autochtones.org\/site\/wp-json\/wp\/v2\/posts\/5696\/revisions\/6037"}],"wp:attachment":[{"href":"https:\/\/recherches-autochtones.org\/site\/wp-json\/wp\/v2\/media?parent=5696"}],"wp:term":[{"taxonomy":"category","embeddable":true,"href":"https:\/\/recherches-autochtones.org\/site\/wp-json\/wp\/v2\/categories?post=5696"},{"taxonomy":"post_tag","embeddable":true,"href":"https:\/\/recherches-autochtones.org\/site\/wp-json\/wp\/v2\/tags?post=5696"}],"curies":[{"name":"wp","href":"https:\/\/api.w.org\/{rel}","templated":true}]}}