{"id":5405,"date":"2018-03-28T10:53:38","date_gmt":"2018-03-28T14:53:38","guid":{"rendered":"https:\/\/recherches-autochtones.org\/site\/?p=5405"},"modified":"2018-03-28T10:54:56","modified_gmt":"2018-03-28T14:54:56","slug":"colloque-4-5-avril-2018","status":"publish","type":"post","link":"https:\/\/recherches-autochtones.org\/site\/colloque-4-5-avril-2018\/","title":{"rendered":"Colloque sur l&rsquo;appropriation culturelle et les peuples autochtones (4 et 5 avril 2018)"},"content":{"rendered":"<p>Colloque sur l\u2019appropriation culturelle et les peuples autochtones : entre protection du patrimoine et libert\u00e9 de cr\u00e9ation&#8230; \u00e0 l&rsquo;UQAM. Avec la participation de Ghislain Picard, Natasha Kanap\u00e9-Fontaine, Andr\u00e9 Dudemaine et plusieurs autres&#8230; \u00a0<a href=\"https:\/\/griaac.uqam.ca\/actualite\/colloque-appropriation-culturelle\/\" target=\"_blank\" rel=\"noopener\"><strong>Pour en savoir davantage&#8230;<\/strong><\/a><\/p>\n","protected":false},"excerpt":{"rendered":"<p>Colloque sur l\u2019appropriation culturelle et les peuples autochtones : entre  [&#8230;]<\/p>\n","protected":false},"author":1,"featured_media":0,"comment_status":"closed","ping_status":"open","sticky":false,"template":"","format":"standard","meta":{"_EventAllDay":false,"_EventTimezone":"","_EventStartDate":"","_EventEndDate":"","_EventStartDateUTC":"","_EventEndDateUTC":"","_EventShowMap":false,"_EventShowMapLink":false,"_EventURL":"","_EventCost":"","_EventCostDescription":"","_EventCurrencySymbol":"","_EventCurrencyCode":"","_EventCurrencyPosition":"","_EventDateTimeSeparator":"","_EventTimeRangeSeparator":"","_EventOrganizerID":[],"_EventVenueID":[],"_OrganizerEmail":"","_OrganizerPhone":"","_OrganizerWebsite":"","_VenueAddress":"","_VenueCity":"","_VenueCountry":"","_VenueProvince":"","_VenueState":"","_VenueZip":"","_VenuePhone":"","_VenueURL":"","_VenueStateProvince":"","_VenueLat":"","_VenueLng":"","_VenueShowMap":false,"_VenueShowMapLink":false,"footnotes":""},"categories":[46],"tags":[],"class_list":["post-5405","post","type-post","status-publish","format-standard","hentry","category-evenement"],"_links":{"self":[{"href":"https:\/\/recherches-autochtones.org\/site\/wp-json\/wp\/v2\/posts\/5405","targetHints":{"allow":["GET"]}}],"collection":[{"href":"https:\/\/recherches-autochtones.org\/site\/wp-json\/wp\/v2\/posts"}],"about":[{"href":"https:\/\/recherches-autochtones.org\/site\/wp-json\/wp\/v2\/types\/post"}],"author":[{"embeddable":true,"href":"https:\/\/recherches-autochtones.org\/site\/wp-json\/wp\/v2\/users\/1"}],"replies":[{"embeddable":true,"href":"https:\/\/recherches-autochtones.org\/site\/wp-json\/wp\/v2\/comments?post=5405"}],"version-history":[{"count":2,"href":"https:\/\/recherches-autochtones.org\/site\/wp-json\/wp\/v2\/posts\/5405\/revisions"}],"predecessor-version":[{"id":5407,"href":"https:\/\/recherches-autochtones.org\/site\/wp-json\/wp\/v2\/posts\/5405\/revisions\/5407"}],"wp:attachment":[{"href":"https:\/\/recherches-autochtones.org\/site\/wp-json\/wp\/v2\/media?parent=5405"}],"wp:term":[{"taxonomy":"category","embeddable":true,"href":"https:\/\/recherches-autochtones.org\/site\/wp-json\/wp\/v2\/categories?post=5405"},{"taxonomy":"post_tag","embeddable":true,"href":"https:\/\/recherches-autochtones.org\/site\/wp-json\/wp\/v2\/tags?post=5405"}],"curies":[{"name":"wp","href":"https:\/\/api.w.org\/{rel}","templated":true}]}}