{"id":5278,"date":"2018-01-04T11:39:15","date_gmt":"2018-01-04T16:39:15","guid":{"rendered":"https:\/\/recherches-autochtones.org\/site\/?p=5278"},"modified":"2018-01-04T11:39:15","modified_gmt":"2018-01-04T16:39:15","slug":"raq-vol-471-habitation-imaginaires-realites-autochtones","status":"publish","type":"post","link":"https:\/\/recherches-autochtones.org\/site\/raq-vol-471-habitation-imaginaires-realites-autochtones\/","title":{"rendered":"RAQ, vol. 47(1) \u2013 Habitation : imaginaires et r\u00e9alit\u00e9s autochtones"},"content":{"rendered":"<p>Le plus r\u00e9cent num\u00e9ro de la revue <em>Recherches am\u00e9rindiennes au Qu\u00e9bec<\/em> est maintenant disponible. Ce num\u00e9ro a pour th\u00e9matique \u2013 Habitation : imaginaires et r\u00e9alit\u00e9s autochtones (sous la direction de Denise Pich\u00e9, Genevi\u00e8ve Vachon et Thierry Rodon). \u00a0<a href=\"https:\/\/recherches-autochtones.org\/site\/produit\/habitation-imaginaires-realites-autochtones-2017-vol-47-no-1\" target=\"_blank\" rel=\"noopener noreferrer\">Pour en savoir davantage&#8230;<\/a><\/p>\n<p><a href=\"https:\/\/recherches-autochtones.org\/site\/produit\/habitation-imaginaires-realites-autochtones-2017-vol-47-no-1\"><img decoding=\"async\" class=\"alignleft wp-image-5273 size-medium\" src=\"https:\/\/recherches-autochtones.org\/site\/wp-content\/uploads\/2018\/01\/raq047_1_c01-230x300.jpg\" alt=\"\" width=\"230\" height=\"300\" srcset=\"https:\/\/recherches-autochtones.org\/site\/wp-content\/uploads\/2018\/01\/raq047_1_c01-115x150.jpg 115w, https:\/\/recherches-autochtones.org\/site\/wp-content\/uploads\/2018\/01\/raq047_1_c01-200x261.jpg 200w, https:\/\/recherches-autochtones.org\/site\/wp-content\/uploads\/2018\/01\/raq047_1_c01-230x300.jpg 230w, https:\/\/recherches-autochtones.org\/site\/wp-content\/uploads\/2018\/01\/raq047_1_c01-400x522.jpg 400w, https:\/\/recherches-autochtones.org\/site\/wp-content\/uploads\/2018\/01\/raq047_1_c01-500x652.jpg 500w, https:\/\/recherches-autochtones.org\/site\/wp-content\/uploads\/2018\/01\/raq047_1_c01-600x783.jpg 600w, https:\/\/recherches-autochtones.org\/site\/wp-content\/uploads\/2018\/01\/raq047_1_c01.jpg 690w\" sizes=\"(max-width: 230px) 100vw, 230px\" \/><\/a><\/p>\n","protected":false},"excerpt":{"rendered":"<p>Le plus r\u00e9cent num\u00e9ro de la revue Recherches am\u00e9rindiennes au  [&#8230;]<\/p>\n","protected":false},"author":1,"featured_media":0,"comment_status":"closed","ping_status":"open","sticky":false,"template":"","format":"standard","meta":{"_EventAllDay":false,"_EventTimezone":"","_EventStartDate":"","_EventEndDate":"","_EventStartDateUTC":"","_EventEndDateUTC":"","_EventShowMap":false,"_EventShowMapLink":false,"_EventURL":"","_EventCost":"","_EventCostDescription":"","_EventCurrencySymbol":"","_EventCurrencyCode":"","_EventCurrencyPosition":"","_EventDateTimeSeparator":"","_EventTimeRangeSeparator":"","_EventOrganizerID":[],"_EventVenueID":[],"_OrganizerEmail":"","_OrganizerPhone":"","_OrganizerWebsite":"","_VenueAddress":"","_VenueCity":"","_VenueCountry":"","_VenueProvince":"","_VenueState":"","_VenueZip":"","_VenuePhone":"","_VenueURL":"","_VenueStateProvince":"","_VenueLat":"","_VenueLng":"","_VenueShowMap":false,"_VenueShowMapLink":false,"footnotes":""},"categories":[45,37],"tags":[34],"class_list":["post-5278","post","type-post","status-publish","format-standard","hentry","category-nouveautes","category-revue-recherches-amerindiennes-au-quebec","tag-nouveautes"],"_links":{"self":[{"href":"https:\/\/recherches-autochtones.org\/site\/wp-json\/wp\/v2\/posts\/5278","targetHints":{"allow":["GET"]}}],"collection":[{"href":"https:\/\/recherches-autochtones.org\/site\/wp-json\/wp\/v2\/posts"}],"about":[{"href":"https:\/\/recherches-autochtones.org\/site\/wp-json\/wp\/v2\/types\/post"}],"author":[{"embeddable":true,"href":"https:\/\/recherches-autochtones.org\/site\/wp-json\/wp\/v2\/users\/1"}],"replies":[{"embeddable":true,"href":"https:\/\/recherches-autochtones.org\/site\/wp-json\/wp\/v2\/comments?post=5278"}],"version-history":[{"count":4,"href":"https:\/\/recherches-autochtones.org\/site\/wp-json\/wp\/v2\/posts\/5278\/revisions"}],"predecessor-version":[{"id":5282,"href":"https:\/\/recherches-autochtones.org\/site\/wp-json\/wp\/v2\/posts\/5278\/revisions\/5282"}],"wp:attachment":[{"href":"https:\/\/recherches-autochtones.org\/site\/wp-json\/wp\/v2\/media?parent=5278"}],"wp:term":[{"taxonomy":"category","embeddable":true,"href":"https:\/\/recherches-autochtones.org\/site\/wp-json\/wp\/v2\/categories?post=5278"},{"taxonomy":"post_tag","embeddable":true,"href":"https:\/\/recherches-autochtones.org\/site\/wp-json\/wp\/v2\/tags?post=5278"}],"curies":[{"name":"wp","href":"https:\/\/api.w.org\/{rel}","templated":true}]}}