{"id":4638,"date":"2016-12-13T15:42:12","date_gmt":"2016-12-13T20:42:12","guid":{"rendered":"https:\/\/recherches-autochtones.org\/site\/?p=4638"},"modified":"2017-02-10T15:57:53","modified_gmt":"2017-02-10T20:57:53","slug":"solidarite-peuple-maseual-mexique","status":"publish","type":"post","link":"https:\/\/recherches-autochtones.org\/site\/solidarite-peuple-maseual-mexique\/","title":{"rendered":"Solidarit\u00e9 avec le peuple maseual du Mexique"},"content":{"rendered":"<p><strong>Appel \u00e0 la solidarit\u00e9 avec le peuple maseual de la Sierra Nororiental de Puebla, Mexique<\/strong><\/p>\n<p>Dans la Sierra Nororiental de Puebla, nous, peuples maseual et totonak\u00fa, luttons depuis plus de dix ans contre les entreprises mini\u00e8res et hydro\u00e9lectriques. Depuis le 19 novembre, \u00e0 Cuetzalan, nous, du peuple maseual, r\u00e9pondant \u00e0 l\u2019appel de notre organisation ALTEPE TAJPIANIJ (\u00ab\u00a0les gardiens du territoire\u00a0\u00bb), nous veillons \u00e0 ce que la d\u00e9cision populaire soit respect\u00e9e et \u00e0 ce qu\u2019on ne construise pas une sous-station \u00e9lectrique. <a href=\"https:\/\/recherches-autochtones.org\/site\/solidarite-avec-le-peuple-maseual\" target=\"_blank\">Pour en savoir davantage&#8230;<\/a><\/p>\n","protected":false},"excerpt":{"rendered":"<p>Appel \u00e0 la solidarit\u00e9 avec le peuple maseual de la  [&#8230;]<\/p>\n","protected":false},"author":1,"featured_media":0,"comment_status":"closed","ping_status":"open","sticky":false,"template":"","format":"standard","meta":{"_EventAllDay":false,"_EventTimezone":"","_EventStartDate":"","_EventEndDate":"","_EventStartDateUTC":"","_EventEndDateUTC":"","_EventShowMap":false,"_EventShowMapLink":false,"_EventURL":"","_EventCost":"","_EventCostDescription":"","_EventCurrencySymbol":"","_EventCurrencyCode":"","_EventCurrencyPosition":"","_EventDateTimeSeparator":"","_EventTimeRangeSeparator":"","_EventOrganizerID":[],"_EventVenueID":[],"_OrganizerEmail":"","_OrganizerPhone":"","_OrganizerWebsite":"","_VenueAddress":"","_VenueCity":"","_VenueCountry":"","_VenueProvince":"","_VenueState":"","_VenueZip":"","_VenuePhone":"","_VenueURL":"","_VenueStateProvince":"","_VenueLat":"","_VenueLng":"","_VenueShowMap":false,"_VenueShowMapLink":false,"footnotes":""},"categories":[40],"tags":[],"class_list":["post-4638","post","type-post","status-publish","format-standard","hentry","category-evenement-soutien"],"_links":{"self":[{"href":"https:\/\/recherches-autochtones.org\/site\/wp-json\/wp\/v2\/posts\/4638","targetHints":{"allow":["GET"]}}],"collection":[{"href":"https:\/\/recherches-autochtones.org\/site\/wp-json\/wp\/v2\/posts"}],"about":[{"href":"https:\/\/recherches-autochtones.org\/site\/wp-json\/wp\/v2\/types\/post"}],"author":[{"embeddable":true,"href":"https:\/\/recherches-autochtones.org\/site\/wp-json\/wp\/v2\/users\/1"}],"replies":[{"embeddable":true,"href":"https:\/\/recherches-autochtones.org\/site\/wp-json\/wp\/v2\/comments?post=4638"}],"version-history":[{"count":1,"href":"https:\/\/recherches-autochtones.org\/site\/wp-json\/wp\/v2\/posts\/4638\/revisions"}],"predecessor-version":[{"id":4639,"href":"https:\/\/recherches-autochtones.org\/site\/wp-json\/wp\/v2\/posts\/4638\/revisions\/4639"}],"wp:attachment":[{"href":"https:\/\/recherches-autochtones.org\/site\/wp-json\/wp\/v2\/media?parent=4638"}],"wp:term":[{"taxonomy":"category","embeddable":true,"href":"https:\/\/recherches-autochtones.org\/site\/wp-json\/wp\/v2\/categories?post=4638"},{"taxonomy":"post_tag","embeddable":true,"href":"https:\/\/recherches-autochtones.org\/site\/wp-json\/wp\/v2\/tags?post=4638"}],"curies":[{"name":"wp","href":"https:\/\/api.w.org\/{rel}","templated":true}]}}