{"id":10489,"date":"2025-11-21T15:55:47","date_gmt":"2025-11-21T20:55:47","guid":{"rendered":"https:\/\/recherches-autochtones.org\/site\/?p=10489"},"modified":"2025-12-04T09:33:11","modified_gmt":"2025-12-04T14:33:11","slug":"in-memoriam-daniel-chevrier-1950-2025","status":"publish","type":"post","link":"https:\/\/recherches-autochtones.org\/site\/in-memoriam-daniel-chevrier-1950-2025\/","title":{"rendered":"IN MEMORIAM \u2013 Daniel Chevrier (1950-2025)"},"content":{"rendered":"<div id=\"attachment_10482\" style=\"width: 650px\" class=\"wp-caption aligncenter\"><a href=\"https:\/\/recherches-autochtones.org\/site\/wp-content\/uploads\/2025\/11\/dchevrier-copie.jpg\"><img decoding=\"async\" aria-describedby=\"caption-attachment-10482\" class=\" wp-image-10482\" src=\"https:\/\/recherches-autochtones.org\/site\/wp-content\/uploads\/2025\/11\/dchevrier-copie-300x169.jpg\" alt=\"\" width=\"640\" height=\"361\" srcset=\"https:\/\/recherches-autochtones.org\/site\/wp-content\/uploads\/2025\/11\/dchevrier-copie-150x84.jpg 150w, https:\/\/recherches-autochtones.org\/site\/wp-content\/uploads\/2025\/11\/dchevrier-copie-200x113.jpg 200w, https:\/\/recherches-autochtones.org\/site\/wp-content\/uploads\/2025\/11\/dchevrier-copie-300x169.jpg 300w, https:\/\/recherches-autochtones.org\/site\/wp-content\/uploads\/2025\/11\/dchevrier-copie-400x225.jpg 400w, https:\/\/recherches-autochtones.org\/site\/wp-content\/uploads\/2025\/11\/dchevrier-copie-500x281.jpg 500w, https:\/\/recherches-autochtones.org\/site\/wp-content\/uploads\/2025\/11\/dchevrier-copie-600x338.jpg 600w, https:\/\/recherches-autochtones.org\/site\/wp-content\/uploads\/2025\/11\/dchevrier-copie-700x394.jpg 700w, https:\/\/recherches-autochtones.org\/site\/wp-content\/uploads\/2025\/11\/dchevrier-copie-768x432.jpg 768w, https:\/\/recherches-autochtones.org\/site\/wp-content\/uploads\/2025\/11\/dchevrier-copie-800x450.jpg 800w, https:\/\/recherches-autochtones.org\/site\/wp-content\/uploads\/2025\/11\/dchevrier-copie-1024x576.jpg 1024w, https:\/\/recherches-autochtones.org\/site\/wp-content\/uploads\/2025\/11\/dchevrier-copie-1200x675.jpg 1200w, https:\/\/recherches-autochtones.org\/site\/wp-content\/uploads\/2025\/11\/dchevrier-copie-1536x864.jpg 1536w, https:\/\/recherches-autochtones.org\/site\/wp-content\/uploads\/2025\/11\/dchevrier-copie.jpg 1800w\" sizes=\"(max-width: 640px) 100vw, 640px\" \/><\/a><p id=\"caption-attachment-10482\" class=\"wp-caption-text\">(Photo de Chavin Chavez Vyroubal)<\/p><\/div>\n<p>C&rsquo;est avec une grande tristesse que nous avons appris le d\u00e9c\u00e8s de M. Daniel Chevrier, survenu le 20 novembre dernier.<br \/>\nPionnier de l&rsquo;arch\u00e9ologie qu\u00e9b\u00e9coise, Daniel a fond\u00e9 Arch\u00e9otec inc., la premi\u00e8re firme d&rsquo;arch\u00e9ologie au Qu\u00e9bec, il y a pr\u00e8s de 50 ans. Au cours de ces ann\u00e9es, il a form\u00e9 plusieurs g\u00e9n\u00e9rations d&rsquo;arch\u00e9ologues.<br \/>\nDaniel fut aussi un des membres fondateurs de l&rsquo;Association des Arch\u00e9ologues du Qu\u00e9bec et un des membres influents de la soci\u00e9t\u00e9 Recherches am\u00e9rindiennes au Qu\u00e9bec (aujourd&rsquo;hui Recherches autochtones au Qu\u00e9bec). En plus d&rsquo;avoir longtemps si\u00e9g\u00e9 sur le conseil d&rsquo;administration de la SRAQ, il \u00e9tait le directeur de la collection \u00ab Pal\u00e9o-Qu\u00e9bec \u00bb depuis 1993. Ses efforts ont contribu\u00e9 \u00e0 la diffusion des connaissances arch\u00e9ologiques au Qu\u00e9bec.<br \/>\nC&rsquo;est une grande perte pour la communaut\u00e9 arch\u00e9ologique qu\u00e9b\u00e9coise et pour la connaissance du pass\u00e9.<br \/>\nNous souhaitons offrir nos sympathies \u00e0 sa famille ainsi qu&rsquo;\u00e0 toutes les personnes qui l&rsquo;ont c\u00f4toy\u00e9 de pr\u00e8s ou de loin \u00e0 travers les derni\u00e8res d\u00e9cennies.<\/p>\n<p>Merci Daniel!<\/p>\n<p>La soci\u00e9t\u00e9 Recherches autochtones au Qu\u00e9bec.<\/p>\n","protected":false},"excerpt":{"rendered":"<p>C&rsquo;est avec une grande tristesse que nous avons appris le  [&#8230;]<\/p>\n","protected":false},"author":1,"featured_media":0,"comment_status":"closed","ping_status":"open","sticky":false,"template":"","format":"standard","meta":{"_EventAllDay":false,"_EventTimezone":"","_EventStartDate":"","_EventEndDate":"","_EventStartDateUTC":"","_EventEndDateUTC":"","_EventShowMap":false,"_EventShowMapLink":false,"_EventURL":"","_EventCost":"","_EventCostDescription":"","_EventCurrencySymbol":"","_EventCurrencyCode":"","_EventCurrencyPosition":"","_EventDateTimeSeparator":"","_EventTimeRangeSeparator":"","_EventOrganizerID":[],"_EventVenueID":[],"_OrganizerEmail":"","_OrganizerPhone":"","_OrganizerWebsite":"","_VenueAddress":"","_VenueCity":"","_VenueCountry":"","_VenueProvince":"","_VenueState":"","_VenueZip":"","_VenuePhone":"","_VenueURL":"","_VenueStateProvince":"","_VenueLat":"","_VenueLng":"","_VenueShowMap":false,"_VenueShowMapLink":false,"footnotes":""},"categories":[45],"tags":[34],"class_list":["post-10489","post","type-post","status-publish","format-standard","hentry","category-nouveautes","tag-nouveautes"],"_links":{"self":[{"href":"https:\/\/recherches-autochtones.org\/site\/wp-json\/wp\/v2\/posts\/10489","targetHints":{"allow":["GET"]}}],"collection":[{"href":"https:\/\/recherches-autochtones.org\/site\/wp-json\/wp\/v2\/posts"}],"about":[{"href":"https:\/\/recherches-autochtones.org\/site\/wp-json\/wp\/v2\/types\/post"}],"author":[{"embeddable":true,"href":"https:\/\/recherches-autochtones.org\/site\/wp-json\/wp\/v2\/users\/1"}],"replies":[{"embeddable":true,"href":"https:\/\/recherches-autochtones.org\/site\/wp-json\/wp\/v2\/comments?post=10489"}],"version-history":[{"count":5,"href":"https:\/\/recherches-autochtones.org\/site\/wp-json\/wp\/v2\/posts\/10489\/revisions"}],"predecessor-version":[{"id":10514,"href":"https:\/\/recherches-autochtones.org\/site\/wp-json\/wp\/v2\/posts\/10489\/revisions\/10514"}],"wp:attachment":[{"href":"https:\/\/recherches-autochtones.org\/site\/wp-json\/wp\/v2\/media?parent=10489"}],"wp:term":[{"taxonomy":"category","embeddable":true,"href":"https:\/\/recherches-autochtones.org\/site\/wp-json\/wp\/v2\/categories?post=10489"},{"taxonomy":"post_tag","embeddable":true,"href":"https:\/\/recherches-autochtones.org\/site\/wp-json\/wp\/v2\/tags?post=10489"}],"curies":[{"name":"wp","href":"https:\/\/api.w.org\/{rel}","templated":true}]}}