{"id":10288,"date":"2025-10-16T11:22:04","date_gmt":"2025-10-16T15:22:04","guid":{"rendered":"https:\/\/recherches-autochtones.org\/site\/?p=10288"},"modified":"2025-10-16T11:23:27","modified_gmt":"2025-10-16T15:23:27","slug":"rea-vol-533-reflexions-critiques-sur-la-reconciliation-au-canada","status":"publish","type":"post","link":"https:\/\/recherches-autochtones.org\/site\/rea-vol-533-reflexions-critiques-sur-la-reconciliation-au-canada\/","title":{"rendered":"REA, vol. 53(3) \u2013 R\u00e9flexions critiques sur la r\u00e9conciliation au Canada"},"content":{"rendered":"<p><a href=\"https:\/\/recherches-autochtones.org\/site\/wp-content\/uploads\/2025\/09\/rea053_couv_c1.jpg\"><img decoding=\"async\" class=\"wp-image-10236 alignleft\" src=\"https:\/\/recherches-autochtones.org\/site\/wp-content\/uploads\/2025\/09\/rea053_couv_c1-234x300.jpg\" alt=\"\" width=\"279\" height=\"357\" srcset=\"https:\/\/recherches-autochtones.org\/site\/wp-content\/uploads\/2025\/09\/rea053_couv_c1-117x150.jpg 117w, https:\/\/recherches-autochtones.org\/site\/wp-content\/uploads\/2025\/09\/rea053_couv_c1-200x257.jpg 200w, https:\/\/recherches-autochtones.org\/site\/wp-content\/uploads\/2025\/09\/rea053_couv_c1-234x300.jpg 234w, https:\/\/recherches-autochtones.org\/site\/wp-content\/uploads\/2025\/09\/rea053_couv_c1-400x513.jpg 400w, https:\/\/recherches-autochtones.org\/site\/wp-content\/uploads\/2025\/09\/rea053_couv_c1-500x641.jpg 500w, https:\/\/recherches-autochtones.org\/site\/wp-content\/uploads\/2025\/09\/rea053_couv_c1-600x770.jpg 600w, https:\/\/recherches-autochtones.org\/site\/wp-content\/uploads\/2025\/09\/rea053_couv_c1.jpg 700w\" sizes=\"(max-width: 279px) 100vw, 279px\" \/><\/a>Le volume 53, no. 3 de <em>Revue d\u2019\u00e9tudes autochtones<\/em>\u00a0est maintenant disponible.<\/p>\n<p>Codirig\u00e9 par Caroline Herv\u00e9 et Marie-Pierre Renaud, le dernier num\u00e9ro de <em>Revue d\u2019\u00e9tudes autochtones<\/em> (vol. 53, n\u02da3, 2025) pr\u00e9sente des contributions in\u00e9dites sur la th\u00e9matique \u00ab R\u00e9flexions critiques sur la r\u00e9conciliation au Canada \u00bb. Ce num\u00e9ro propose de poser un regard critique sur la r\u00e9conciliation alors que dix ans se sont \u00e9coul\u00e9es depuis le d\u00e9p\u00f4t du rapport final de la Commission de v\u00e9rit\u00e9 et r\u00e9conciliation du Canada (CVRC). <strong><a href=\"https:\/\/recherches-autochtones.org\/site\/produit\/reflexions-critiques-sur-la-reconciliation-au-canada-2025-vol-53-no-3\/\">Pour en savoir davantage<\/a> \u2026<\/strong><\/p>\n<p>En couverture :<\/p>\n<p><strong><em>Neon Reconciliation Explosion<\/em><\/strong><\/p>\n<p><strong>\u0152uvre de Luke Parnell, 2020<\/strong><br \/>\nAcrylique sur bois de bouleau contreplaqu\u00e9 et en bois de pin compress\u00e9<br \/>\nDimensions : 2,13 x 3,04 m<br \/>\n(Photo de Toni Hafkenscheid, reproduite avec la permission de la galerie d\u2019art MKG127 et de l\u2019artiste Luke Parnell)<\/p>\n","protected":false},"excerpt":{"rendered":"<p>Le volume 53, no. 3 de Revue d\u2019\u00e9tudes autochtones\u00a0est maintenant  [&#8230;]<\/p>\n","protected":false},"author":1,"featured_media":0,"comment_status":"closed","ping_status":"open","sticky":false,"template":"","format":"standard","meta":{"_EventAllDay":false,"_EventTimezone":"","_EventStartDate":"","_EventEndDate":"","_EventStartDateUTC":"","_EventEndDateUTC":"","_EventShowMap":false,"_EventShowMapLink":false,"_EventURL":"","_EventCost":"","_EventCostDescription":"","_EventCurrencySymbol":"","_EventCurrencyCode":"","_EventCurrencyPosition":"","_EventDateTimeSeparator":"","_EventTimeRangeSeparator":"","_EventOrganizerID":[],"_EventVenueID":[],"_OrganizerEmail":"","_OrganizerPhone":"","_OrganizerWebsite":"","_VenueAddress":"","_VenueCity":"","_VenueCountry":"","_VenueProvince":"","_VenueState":"","_VenueZip":"","_VenuePhone":"","_VenueURL":"","_VenueStateProvince":"","_VenueLat":"","_VenueLng":"","_VenueShowMap":false,"_VenueShowMapLink":false,"footnotes":""},"categories":[45,83],"tags":[34],"class_list":["post-10288","post","type-post","status-publish","format-standard","hentry","category-nouveautes","category-revue-detudes-autochtones","tag-nouveautes"],"_links":{"self":[{"href":"https:\/\/recherches-autochtones.org\/site\/wp-json\/wp\/v2\/posts\/10288","targetHints":{"allow":["GET"]}}],"collection":[{"href":"https:\/\/recherches-autochtones.org\/site\/wp-json\/wp\/v2\/posts"}],"about":[{"href":"https:\/\/recherches-autochtones.org\/site\/wp-json\/wp\/v2\/types\/post"}],"author":[{"embeddable":true,"href":"https:\/\/recherches-autochtones.org\/site\/wp-json\/wp\/v2\/users\/1"}],"replies":[{"embeddable":true,"href":"https:\/\/recherches-autochtones.org\/site\/wp-json\/wp\/v2\/comments?post=10288"}],"version-history":[{"count":2,"href":"https:\/\/recherches-autochtones.org\/site\/wp-json\/wp\/v2\/posts\/10288\/revisions"}],"predecessor-version":[{"id":10290,"href":"https:\/\/recherches-autochtones.org\/site\/wp-json\/wp\/v2\/posts\/10288\/revisions\/10290"}],"wp:attachment":[{"href":"https:\/\/recherches-autochtones.org\/site\/wp-json\/wp\/v2\/media?parent=10288"}],"wp:term":[{"taxonomy":"category","embeddable":true,"href":"https:\/\/recherches-autochtones.org\/site\/wp-json\/wp\/v2\/categories?post=10288"},{"taxonomy":"post_tag","embeddable":true,"href":"https:\/\/recherches-autochtones.org\/site\/wp-json\/wp\/v2\/tags?post=10288"}],"curies":[{"name":"wp","href":"https:\/\/api.w.org\/{rel}","templated":true}]}}