{"id":10160,"date":"2025-06-06T15:59:23","date_gmt":"2025-06-06T19:59:23","guid":{"rendered":"https:\/\/recherches-autochtones.org\/site\/?p=10160"},"modified":"2025-06-06T15:59:46","modified_gmt":"2025-06-06T19:59:46","slug":"eric-chalifoux-3e-prix-dexcellence","status":"publish","type":"post","link":"https:\/\/recherches-autochtones.org\/site\/eric-chalifoux-3e-prix-dexcellence\/","title":{"rendered":"\u00c9ric Chalifoux \u2013 3e prix d&rsquo;excellence des professionnels et professionnelles de recherche 2025"},"content":{"rendered":"<h3><\/h3>\n<p><a href=\"https:\/\/recherches-autochtones.org\/site\/wp-content\/uploads\/2025\/06\/1er_prix_web_sc_1920x864px-3-1920x864-1-1200x540_echalifoux.jpg\"><img decoding=\"async\" class=\"aligncenter wp-image-10162\" src=\"https:\/\/recherches-autochtones.org\/site\/wp-content\/uploads\/2025\/06\/1er_prix_web_sc_1920x864px-3-1920x864-1-1200x540_echalifoux-1024x461.jpg\" alt=\"\" width=\"742\" height=\"334\" srcset=\"https:\/\/recherches-autochtones.org\/site\/wp-content\/uploads\/2025\/06\/1er_prix_web_sc_1920x864px-3-1920x864-1-1200x540_echalifoux-150x68.jpg 150w, https:\/\/recherches-autochtones.org\/site\/wp-content\/uploads\/2025\/06\/1er_prix_web_sc_1920x864px-3-1920x864-1-1200x540_echalifoux-200x90.jpg 200w, https:\/\/recherches-autochtones.org\/site\/wp-content\/uploads\/2025\/06\/1er_prix_web_sc_1920x864px-3-1920x864-1-1200x540_echalifoux-300x135.jpg 300w, https:\/\/recherches-autochtones.org\/site\/wp-content\/uploads\/2025\/06\/1er_prix_web_sc_1920x864px-3-1920x864-1-1200x540_echalifoux-400x180.jpg 400w, https:\/\/recherches-autochtones.org\/site\/wp-content\/uploads\/2025\/06\/1er_prix_web_sc_1920x864px-3-1920x864-1-1200x540_echalifoux-500x225.jpg 500w, https:\/\/recherches-autochtones.org\/site\/wp-content\/uploads\/2025\/06\/1er_prix_web_sc_1920x864px-3-1920x864-1-1200x540_echalifoux-600x270.jpg 600w, https:\/\/recherches-autochtones.org\/site\/wp-content\/uploads\/2025\/06\/1er_prix_web_sc_1920x864px-3-1920x864-1-1200x540_echalifoux-700x315.jpg 700w, https:\/\/recherches-autochtones.org\/site\/wp-content\/uploads\/2025\/06\/1er_prix_web_sc_1920x864px-3-1920x864-1-1200x540_echalifoux-768x346.jpg 768w, https:\/\/recherches-autochtones.org\/site\/wp-content\/uploads\/2025\/06\/1er_prix_web_sc_1920x864px-3-1920x864-1-1200x540_echalifoux-800x360.jpg 800w, https:\/\/recherches-autochtones.org\/site\/wp-content\/uploads\/2025\/06\/1er_prix_web_sc_1920x864px-3-1920x864-1-1200x540_echalifoux-1024x461.jpg 1024w, https:\/\/recherches-autochtones.org\/site\/wp-content\/uploads\/2025\/06\/1er_prix_web_sc_1920x864px-3-1920x864-1-1200x540_echalifoux.jpg 1200w\" sizes=\"(max-width: 742px) 100vw, 742px\" \/><\/a><\/p>\n<p><strong>C\u2019est avec une grande joie que nous vous annon\u00e7ons que le 3e prix d\u2019excellence des professionnels et professionnelles de recherche 2025 du FRQ (section Soci\u00e9t\u00e9 et Culture) a \u00e9t\u00e9 remport\u00e9 par \u00c9ric Chalifoux, r\u00e9dacteur de <em>Revue d&rsquo;\u00e9tudes autochtones<\/em> et coordonnateur g\u00e9n\u00e9ral du p\u00f4le Montr\u00e9al au CI\u00c9RA !<\/strong><\/p>\n<p>Professionnel de recherche depuis maintenant 25 ans, \u00c9ric Chalifoux est arch\u00e9ologue de formation. Il est d\u00e9tenteur d\u2019une ma\u00eetrise en anthropologie de l\u2019Universit\u00e9 de Montr\u00e9al et d\u2019une scolarit\u00e9 de doctorat de la m\u00eame institution.<\/p>\n<p>Depuis maintenant 20 ans, il est le r\u00e9dacteur de <em>Revue d\u2019\u00e9tudes autochtones<\/em> qui est l\u2019h\u00e9riti\u00e8re d\u2019une tradition de plus d\u2019un demi-si\u00e8cle de diffusion des connaissances sur les populations autochtones. Depuis 2008, il assure \u00e9galement la coordination de l\u2019antenne montr\u00e9alaise du Centre interuniversitaire d\u2019\u00e9tudes et de recherches autochtones (CI\u00c9RA) et du Groupe de recherche interdisciplinaire sur les affirmations autochtones contemporaines (GRIAAC) dont les bureaux sont \u00e0 l\u2019UQAM.<\/p>\n<p>Avec M\u00e9lanie Chaplier et Doris Farget, il a codirig\u00e9 la publication <em>Questions interdisciplinaires en \u00e9tudes autochtones : traditions, repr\u00e9sentations, relations<\/em> (PUQ, 2025). Ce collectif met en r\u00e9sonance diff\u00e9rents points de vue, qu\u2019ils soient disciplinaires ou exp\u00e9rientiels afin de r\u00e9v\u00e9ler la complexit\u00e9 et les nuances des questions choisies concernant les \u00e9tudes autochtones.<\/p>\n<p>Toutes nos f\u00e9licitations!<\/p>\n","protected":false},"excerpt":{"rendered":"<p>C\u2019est avec une grande joie que nous vous annon\u00e7ons que  [&#8230;]<\/p>\n","protected":false},"author":1,"featured_media":0,"comment_status":"closed","ping_status":"open","sticky":false,"template":"","format":"standard","meta":{"_EventAllDay":false,"_EventTimezone":"","_EventStartDate":"","_EventEndDate":"","_EventStartDateUTC":"","_EventEndDateUTC":"","_EventShowMap":false,"_EventShowMapLink":false,"_EventURL":"","_EventCost":"","_EventCostDescription":"","_EventCurrencySymbol":"","_EventCurrencyCode":"","_EventCurrencyPosition":"","_EventDateTimeSeparator":"","_EventTimeRangeSeparator":"","_EventOrganizerID":[],"_EventVenueID":[],"_OrganizerEmail":"","_OrganizerPhone":"","_OrganizerWebsite":"","_VenueAddress":"","_VenueCity":"","_VenueCountry":"","_VenueProvince":"","_VenueState":"","_VenueZip":"","_VenuePhone":"","_VenueURL":"","_VenueStateProvince":"","_VenueLat":"","_VenueLng":"","_VenueShowMap":false,"_VenueShowMapLink":false,"footnotes":""},"categories":[45,1],"tags":[34],"class_list":["post-10160","post","type-post","status-publish","format-standard","hentry","category-nouveautes","category-uncategorized","tag-nouveautes"],"_links":{"self":[{"href":"https:\/\/recherches-autochtones.org\/site\/wp-json\/wp\/v2\/posts\/10160","targetHints":{"allow":["GET"]}}],"collection":[{"href":"https:\/\/recherches-autochtones.org\/site\/wp-json\/wp\/v2\/posts"}],"about":[{"href":"https:\/\/recherches-autochtones.org\/site\/wp-json\/wp\/v2\/types\/post"}],"author":[{"embeddable":true,"href":"https:\/\/recherches-autochtones.org\/site\/wp-json\/wp\/v2\/users\/1"}],"replies":[{"embeddable":true,"href":"https:\/\/recherches-autochtones.org\/site\/wp-json\/wp\/v2\/comments?post=10160"}],"version-history":[{"count":1,"href":"https:\/\/recherches-autochtones.org\/site\/wp-json\/wp\/v2\/posts\/10160\/revisions"}],"predecessor-version":[{"id":10163,"href":"https:\/\/recherches-autochtones.org\/site\/wp-json\/wp\/v2\/posts\/10160\/revisions\/10163"}],"wp:attachment":[{"href":"https:\/\/recherches-autochtones.org\/site\/wp-json\/wp\/v2\/media?parent=10160"}],"wp:term":[{"taxonomy":"category","embeddable":true,"href":"https:\/\/recherches-autochtones.org\/site\/wp-json\/wp\/v2\/categories?post=10160"},{"taxonomy":"post_tag","embeddable":true,"href":"https:\/\/recherches-autochtones.org\/site\/wp-json\/wp\/v2\/tags?post=10160"}],"curies":[{"name":"wp","href":"https:\/\/api.w.org\/{rel}","templated":true}]}}